{"id":692,"date":"2009-01-21T22:49:38","date_gmt":"2009-01-21T20:49:38","guid":{"rendered":"http:\/\/www.kulturtechno.de\/?p=692"},"modified":"2009-01-21T22:54:32","modified_gmt":"2009-01-21T20:54:32","slug":"randgruppens-buhne","status":"publish","type":"post","link":"https:\/\/www.kulturtechno.de\/?p=692","title":{"rendered":"Randgruppens B\u00fchne"},"content":{"rendered":"<p>Das Duo <a href=\"http:\/\/www.duo-randgruppe.de\/\">Randgruppe<\/a> wird die schon vielgetuschelte <strong>Randgruppens Rastst\u00e4tten-Tour<\/strong> in Angriff nehmen. What happens? Zwei Akkordeonistinnen fahren mit einer Anh\u00e4nger-B\u00fchne quer durch Deutschland, von Berlin bis Freiburg, und spielen auf jeder Autobahnrastst\u00e4tte einige Minuten einige Pi\u00e8cen by Kreidler, um dann weiterzud\u00fcsen. Mit dabei wird ein Kameramann sein. Strange? Yes! Postmoderner Surrealismus.<\/p>\n<p><a href=\"http:\/\/www.kulturtechno.de\/images\/randgruppe1.jpg\" rel=\"lightbox[692]\"><img loading=\"lazy\" decoding=\"async\" alt=\"\" src=\"http:\/\/www.kulturtechno.de\/images\/randgruppe1.jpg\" title=\"http:\/\/www.kulturtechno.de\/images\/randgruppe1.jpg\" class=\"alignnone\" width=\"320\" height=\"192\" \/><\/a><\/p>\n<p>Erste Termine:<br \/>\n4.\/5. April, 2.\/3. Mai, 5.\/6.\/7. Juni 2009<\/p>\n<p>Bin dann mal weg bis Samstag&#8230;<\/p>\n","protected":false},"excerpt":{"rendered":"<p>Das Duo Randgruppe wird die schon vielgetuschelte Randgruppens Rastst\u00e4tten-Tour in Angriff nehmen. What happens? Zwei Akkordeonistinnen fahren mit einer Anh\u00e4nger-B\u00fchne quer durch Deutschland, von Berlin bis Freiburg, und spielen auf jeder Autobahnrastst\u00e4tte einige Minuten einige Pi\u00e8cen by Kreidler, um dann weiterzud\u00fcsen. Mit dabei wird ein Kameramann sein. Strange? Yes! Postmoderner Surrealismus. Erste Termine: 4.\/5. April, [&hellip;]<\/p>\n","protected":false},"author":1,"featured_media":0,"comment_status":"closed","ping_status":"open","sticky":false,"template":"","format":"standard","meta":{"_links_to":"","_links_to_target":"","footnotes":""},"categories":[3],"tags":[],"class_list":["post-692","post","type-post","status-publish","format-standard","hentry","category-id"],"_links":{"self":[{"href":"https:\/\/www.kulturtechno.de\/index.php?rest_route=\/wp\/v2\/posts\/692"}],"collection":[{"href":"https:\/\/www.kulturtechno.de\/index.php?rest_route=\/wp\/v2\/posts"}],"about":[{"href":"https:\/\/www.kulturtechno.de\/index.php?rest_route=\/wp\/v2\/types\/post"}],"author":[{"embeddable":true,"href":"https:\/\/www.kulturtechno.de\/index.php?rest_route=\/wp\/v2\/users\/1"}],"replies":[{"embeddable":true,"href":"https:\/\/www.kulturtechno.de\/index.php?rest_route=%2Fwp%2Fv2%2Fcomments&post=692"}],"version-history":[{"count":7,"href":"https:\/\/www.kulturtechno.de\/index.php?rest_route=\/wp\/v2\/posts\/692\/revisions"}],"predecessor-version":[{"id":699,"href":"https:\/\/www.kulturtechno.de\/index.php?rest_route=\/wp\/v2\/posts\/692\/revisions\/699"}],"wp:attachment":[{"href":"https:\/\/www.kulturtechno.de\/index.php?rest_route=%2Fwp%2Fv2%2Fmedia&parent=692"}],"wp:term":[{"taxonomy":"category","embeddable":true,"href":"https:\/\/www.kulturtechno.de\/index.php?rest_route=%2Fwp%2Fv2%2Fcategories&post=692"},{"taxonomy":"post_tag","embeddable":true,"href":"https:\/\/www.kulturtechno.de\/index.php?rest_route=%2Fwp%2Fv2%2Ftags&post=692"}],"curies":[{"name":"wp","href":"https:\/\/api.w.org\/{rel}","templated":true}]}}