{"id":655,"date":"2009-01-07T11:13:40","date_gmt":"2009-01-07T09:13:40","guid":{"rendered":"http:\/\/www.kulturtechno.de\/?p=655"},"modified":"2009-01-07T11:13:40","modified_gmt":"2009-01-07T09:13:40","slug":"offentlich-rechtlich-und-privat","status":"publish","type":"post","link":"https:\/\/www.kulturtechno.de\/?p=655","title":{"rendered":"\u00d6ffentlich-rechtlich und privat"},"content":{"rendered":"<p>Ein recht pr\u00e4ziser Artikel zum 25. Gerburtstag des Privatfernsehens beim Tagesspiegel:<\/p>\n<blockquote><p>Auch nach 25 langen Jahren haben die \u00d6ffentlich-Rechtlichen keine Antwort auf die private Herausforderung gefunden. Ihre Lage ist schwierig, das stimmt. Werden sie zu popul\u00e4r, wirft man ihnen die Geb\u00fchren vor, die sie kassieren. Die Privaten leisten das Gleiche gratis! Werden sie zu elit\u00e4r, wirft man ihnen ebenfalls die Geb\u00fchren vor. Jeder muss zahlen, aber ihr macht nur ein Programm f\u00fcr wenige!<\/p><\/blockquote>\n<p><a href=\" http:\/\/www.tagesspiegel.de\/meinung\/kommentare\/Fernsehen;art141,2699279\">http:\/\/www.tagesspiegel.de\/meinung\/kommentare\/Fernsehen;art141,2699279<\/a><\/p>\n","protected":false},"excerpt":{"rendered":"<p>Ein recht pr\u00e4ziser Artikel zum 25. Gerburtstag des Privatfernsehens beim Tagesspiegel: Auch nach 25 langen Jahren haben die \u00d6ffentlich-Rechtlichen keine Antwort auf die private Herausforderung gefunden. Ihre Lage ist schwierig, das stimmt. Werden sie zu popul\u00e4r, wirft man ihnen die Geb\u00fchren vor, die sie kassieren. Die Privaten leisten das Gleiche gratis! Werden sie zu elit\u00e4r, [&hellip;]<\/p>\n","protected":false},"author":1,"featured_media":0,"comment_status":"closed","ping_status":"open","sticky":false,"template":"","format":"standard","meta":{"_links_to":"","_links_to_target":"","footnotes":""},"categories":[15],"tags":[],"class_list":["post-655","post","type-post","status-publish","format-standard","hentry","category-kritik-der-reinen-vernunft"],"_links":{"self":[{"href":"https:\/\/www.kulturtechno.de\/index.php?rest_route=\/wp\/v2\/posts\/655"}],"collection":[{"href":"https:\/\/www.kulturtechno.de\/index.php?rest_route=\/wp\/v2\/posts"}],"about":[{"href":"https:\/\/www.kulturtechno.de\/index.php?rest_route=\/wp\/v2\/types\/post"}],"author":[{"embeddable":true,"href":"https:\/\/www.kulturtechno.de\/index.php?rest_route=\/wp\/v2\/users\/1"}],"replies":[{"embeddable":true,"href":"https:\/\/www.kulturtechno.de\/index.php?rest_route=%2Fwp%2Fv2%2Fcomments&post=655"}],"version-history":[{"count":1,"href":"https:\/\/www.kulturtechno.de\/index.php?rest_route=\/wp\/v2\/posts\/655\/revisions"}],"predecessor-version":[{"id":656,"href":"https:\/\/www.kulturtechno.de\/index.php?rest_route=\/wp\/v2\/posts\/655\/revisions\/656"}],"wp:attachment":[{"href":"https:\/\/www.kulturtechno.de\/index.php?rest_route=%2Fwp%2Fv2%2Fmedia&parent=655"}],"wp:term":[{"taxonomy":"category","embeddable":true,"href":"https:\/\/www.kulturtechno.de\/index.php?rest_route=%2Fwp%2Fv2%2Fcategories&post=655"},{"taxonomy":"post_tag","embeddable":true,"href":"https:\/\/www.kulturtechno.de\/index.php?rest_route=%2Fwp%2Fv2%2Ftags&post=655"}],"curies":[{"name":"wp","href":"https:\/\/api.w.org\/{rel}","templated":true}]}}