{"id":456,"date":"2008-11-12T14:00:37","date_gmt":"2008-11-12T12:00:37","guid":{"rendered":"http:\/\/www.kulturtechno.de\/?p=456"},"modified":"2008-11-12T14:00:37","modified_gmt":"2008-11-12T12:00:37","slug":"wird-die-musikindustrie-jetzt-verstaatlicht","status":"publish","type":"post","link":"https:\/\/www.kulturtechno.de\/?p=456","title":{"rendered":"Wird die Musikindustrie jetzt verstaatlicht?"},"content":{"rendered":"<p>Telepolis berichtet von einer amerikanischen Idee. Wenn der Staat in diesen Zeit eh den Instrustrien unter die Arme greift, dann kann er das doch auch der arg gebeutelten Musikindustrie bieten. Dass am Ende des Artikels bemerkt wird, dass es sich vielleicht um Satire handelt, liegt in der Tat nicht fern, vor allem wenn davon die Rede ist, dass dann gleich das \u00dcberangebot reguliert werden m\u00fcsste, d.h. Produzenten m\u00fcssten daf\u00fcr bezahlt werden, dass sie nicht produzieren. Ey, welcher Schundkomponist d\u00fcrfte da als erstes drankommen..? Aber wehe wenn mehr als Hartz-IV-Satz, und mit absolutem Arbeitsverbot.<\/p>\n<p><a href=\"http:\/\/www.heise.de\/tp\/r4\/artikel\/29\/29116\/1.html\">http:\/\/www.heise.de\/tp\/r4\/artikel\/29\/29116\/1.html<\/a><\/p>\n","protected":false},"excerpt":{"rendered":"<p>Telepolis berichtet von einer amerikanischen Idee. Wenn der Staat in diesen Zeit eh den Instrustrien unter die Arme greift, dann kann er das doch auch der arg gebeutelten Musikindustrie bieten. Dass am Ende des Artikels bemerkt wird, dass es sich vielleicht um Satire handelt, liegt in der Tat nicht fern, vor allem wenn davon die [&hellip;]<\/p>\n","protected":false},"author":1,"featured_media":0,"comment_status":"closed","ping_status":"open","sticky":false,"template":"","format":"standard","meta":{"_links_to":"","_links_to_target":"","footnotes":""},"categories":[15],"tags":[],"class_list":["post-456","post","type-post","status-publish","format-standard","hentry","category-kritik-der-reinen-vernunft"],"_links":{"self":[{"href":"https:\/\/www.kulturtechno.de\/index.php?rest_route=\/wp\/v2\/posts\/456"}],"collection":[{"href":"https:\/\/www.kulturtechno.de\/index.php?rest_route=\/wp\/v2\/posts"}],"about":[{"href":"https:\/\/www.kulturtechno.de\/index.php?rest_route=\/wp\/v2\/types\/post"}],"author":[{"embeddable":true,"href":"https:\/\/www.kulturtechno.de\/index.php?rest_route=\/wp\/v2\/users\/1"}],"replies":[{"embeddable":true,"href":"https:\/\/www.kulturtechno.de\/index.php?rest_route=%2Fwp%2Fv2%2Fcomments&post=456"}],"version-history":[{"count":1,"href":"https:\/\/www.kulturtechno.de\/index.php?rest_route=\/wp\/v2\/posts\/456\/revisions"}],"predecessor-version":[{"id":457,"href":"https:\/\/www.kulturtechno.de\/index.php?rest_route=\/wp\/v2\/posts\/456\/revisions\/457"}],"wp:attachment":[{"href":"https:\/\/www.kulturtechno.de\/index.php?rest_route=%2Fwp%2Fv2%2Fmedia&parent=456"}],"wp:term":[{"taxonomy":"category","embeddable":true,"href":"https:\/\/www.kulturtechno.de\/index.php?rest_route=%2Fwp%2Fv2%2Fcategories&post=456"},{"taxonomy":"post_tag","embeddable":true,"href":"https:\/\/www.kulturtechno.de\/index.php?rest_route=%2Fwp%2Fv2%2Ftags&post=456"}],"curies":[{"name":"wp","href":"https:\/\/api.w.org\/{rel}","templated":true}]}}