{"id":410,"date":"2008-11-05T14:03:01","date_gmt":"2008-11-05T12:03:01","guid":{"rendered":"http:\/\/www.kulturtechno.de\/?p=410"},"modified":"2008-11-10T13:32:15","modified_gmt":"2008-11-10T11:32:15","slug":"digital-natives","status":"publish","type":"post","link":"https:\/\/www.kulturtechno.de\/?p=410","title":{"rendered":"Digital Natives"},"content":{"rendered":"<p>Nach etlichen Generationennamen &#8222;Generation XY&#8220; erscheint mir der der &#8222;Digital Natives&#8220; endlich angebracht. Keine Frage, alle nutzen das Web, aber mich beschleicht immer wieder das Gef\u00fchl, dass es da doch zwei gro\u00dfe Gruppen gibt: Diejenigen, die die Potenziale des Web 2.0 kennen und anwenden und die, die das nicht tun. Das ist nat\u00fcrlich nicht immer eine Altersfrage, und ich bin oft erfreut, wieviele Angh\u00f6rige der fortgeschrittenen Generation sich keineswegs schwer tun in diesen Dingen, und wieviele junge Leute nur alle drei Tage \u00fcberhaupt mal Mails lesen.<\/p>\n<p>Ein sch\u00f6ner <a href=\"http:\/\/www.tagesanzeiger.ch\/leben\/Was-die-Generation-Internet-ihren-Eltern-voraus-hat\/story\/21246426\">Artikel<\/a> zum Thema heute im Schweizer Tagesanzeiger.<\/p>\n","protected":false},"excerpt":{"rendered":"<p>Nach etlichen Generationennamen &#8222;Generation XY&#8220; erscheint mir der der &#8222;Digital Natives&#8220; endlich angebracht. Keine Frage, alle nutzen das Web, aber mich beschleicht immer wieder das Gef\u00fchl, dass es da doch zwei gro\u00dfe Gruppen gibt: Diejenigen, die die Potenziale des Web 2.0 kennen und anwenden und die, die das nicht tun. Das ist nat\u00fcrlich nicht immer [&hellip;]<\/p>\n","protected":false},"author":1,"featured_media":0,"comment_status":"closed","ping_status":"open","sticky":false,"template":"","format":"standard","meta":{"_links_to":"","_links_to_target":"","footnotes":""},"categories":[5],"tags":[],"class_list":["post-410","post","type-post","status-publish","format-standard","hentry","category-technologik"],"_links":{"self":[{"href":"https:\/\/www.kulturtechno.de\/index.php?rest_route=\/wp\/v2\/posts\/410"}],"collection":[{"href":"https:\/\/www.kulturtechno.de\/index.php?rest_route=\/wp\/v2\/posts"}],"about":[{"href":"https:\/\/www.kulturtechno.de\/index.php?rest_route=\/wp\/v2\/types\/post"}],"author":[{"embeddable":true,"href":"https:\/\/www.kulturtechno.de\/index.php?rest_route=\/wp\/v2\/users\/1"}],"replies":[{"embeddable":true,"href":"https:\/\/www.kulturtechno.de\/index.php?rest_route=%2Fwp%2Fv2%2Fcomments&post=410"}],"version-history":[{"count":5,"href":"https:\/\/www.kulturtechno.de\/index.php?rest_route=\/wp\/v2\/posts\/410\/revisions"}],"predecessor-version":[{"id":446,"href":"https:\/\/www.kulturtechno.de\/index.php?rest_route=\/wp\/v2\/posts\/410\/revisions\/446"}],"wp:attachment":[{"href":"https:\/\/www.kulturtechno.de\/index.php?rest_route=%2Fwp%2Fv2%2Fmedia&parent=410"}],"wp:term":[{"taxonomy":"category","embeddable":true,"href":"https:\/\/www.kulturtechno.de\/index.php?rest_route=%2Fwp%2Fv2%2Fcategories&post=410"},{"taxonomy":"post_tag","embeddable":true,"href":"https:\/\/www.kulturtechno.de\/index.php?rest_route=%2Fwp%2Fv2%2Ftags&post=410"}],"curies":[{"name":"wp","href":"https:\/\/api.w.org\/{rel}","templated":true}]}}