{"id":395,"date":"2008-11-03T00:38:51","date_gmt":"2008-11-02T22:38:51","guid":{"rendered":"http:\/\/www.kulturtechno.de\/?p=395"},"modified":"2008-11-03T01:26:04","modified_gmt":"2008-11-02T23:26:04","slug":"hallo-welt","status":"publish","type":"post","link":"https:\/\/www.kulturtechno.de\/?p=395","title":{"rendered":"hallo berlin \/ welt"},"content":{"rendered":"<p>Zur\u00fcck von Frankfurt von einem guten Workshopwochenende mit dem Ensemble Modern. Wie immer wurde \u00fcber meine todernste Musik gelacht, vor allem beim durchgefilterten Barockchoral im Marschrhythmus. Meine Beteuerung, dass das alles von Herzen kommt, glaubte mir keiner ;)<\/p>\n<p>Ich wiederum kann es nicht glauben, dass die junge Generation derart pathetisch in die Ensemble-Modern-Vollen greifen n\u00f6tig hat. Dramatik bestand f\u00fcr manche vor Ort nur aus an- und abschwellenden gestischen Texturen. Subtilit\u00e4t, aufgekl\u00e4rte Distanz zu Effekten, formale Br\u00fcche, Geschichtsbewusstsein und Individualit\u00e4t, das scheint ihnen nicht \u00fcber die Feder zu gehen. Darauf reimt sich dann eine Oberfl\u00e4chlichkeit in den Gespr\u00e4chen, die ich ihnen leider nicht vorhalten konnte, weil ich das englische Wort f\u00fcr &#8222;Oberfl\u00e4chlichkeit&#8220; nicht wusste. Die Gespr\u00e4che mit den Musikern hingegen waren sehr erhellend und zeigten alle Facetten und Schwierigkeiten des Verh\u00e4ltnisses Komponist-Instrumentalist auf.<\/p>\n<p>Eine echte Schnapsidee, also in der Kneipe geboren, ist die eines neuen St\u00fcckes f\u00fcr <a href=\"http:\/\/www.eppelsheim.com\/kontraforte.php?lang=de\">Kontraforte<\/a>, einer Weiterentwicklung des Kontrafagotts, die angeblich das Zeug dazu hat, Fagott und Kontrafagott abzul\u00f6sen. Und angeblich sind darauf \u00fcber 1000 Mehrkl\u00e4nge m\u00f6glich, was mich prompt reizt, die in 10 Minuten abspielen zu lassen. Mit <a href=\"http:\/\/tripletongue-vienna.at\/buschek.shtml\">Robert Buschek<\/a> werde ich auf jeden Fall in der n\u00e4chsten Zeit einmal das Ganze experimentell ergr\u00fcnden. [Ebenfalls angeblich hat der Ensemble-Modern-Fagottist <a href=\"http:\/\/www.ensemble-modern.com\/php\/biografie.php?L=d&#038;personGruppeID=8&#038;suchID=250&#038;first=0\">Johannes Schwarz<\/a> sogar schon \u00fcber 6000 Mehrkl\u00e4nge aus seinem Instrument geholt&#8230;]<\/p>\n<p>Zuletzt noch dieses Video von Takashi Murakami, dessen Ausstellung ich im Frankfurter Museum f\u00fcr moderne Kunst heute gesehen habe. Er ist eine Art japanischer Liechtenstein, Pop in Mangastyle plus extrem detailgestalteter Fraktal-\u00c4sthetik.<\/p>\n<p><object width=\"425\" height=\"344\"><param name=\"movie\" value=\"http:\/\/www.youtube.com\/v\/4C84FLwm3DA&#038;hl=en&#038;fs=1\"><\/param><param name=\"allowFullScreen\" value=\"true\"><\/param><param name=\"allowscriptaccess\" value=\"always\"><\/param><embed src=\"http:\/\/www.youtube.com\/v\/4C84FLwm3DA&#038;hl=en&#038;fs=1\" type=\"application\/x-shockwave-flash\" allowscriptaccess=\"always\" allowfullscreen=\"true\" width=\"425\" height=\"344\"><\/embed><\/object><\/p>\n","protected":false},"excerpt":{"rendered":"<p>Zur\u00fcck von Frankfurt von einem guten Workshopwochenende mit dem Ensemble Modern. Wie immer wurde \u00fcber meine todernste Musik gelacht, vor allem beim durchgefilterten Barockchoral im Marschrhythmus. Meine Beteuerung, dass das alles von Herzen kommt, glaubte mir keiner ;) Ich wiederum kann es nicht glauben, dass die junge Generation derart pathetisch in die Ensemble-Modern-Vollen greifen n\u00f6tig [&hellip;]<\/p>\n","protected":false},"author":1,"featured_media":0,"comment_status":"closed","ping_status":"open","sticky":false,"template":"","format":"standard","meta":{"_links_to":"","_links_to_target":"","footnotes":""},"categories":[3],"tags":[],"class_list":["post-395","post","type-post","status-publish","format-standard","hentry","category-id"],"_links":{"self":[{"href":"https:\/\/www.kulturtechno.de\/index.php?rest_route=\/wp\/v2\/posts\/395"}],"collection":[{"href":"https:\/\/www.kulturtechno.de\/index.php?rest_route=\/wp\/v2\/posts"}],"about":[{"href":"https:\/\/www.kulturtechno.de\/index.php?rest_route=\/wp\/v2\/types\/post"}],"author":[{"embeddable":true,"href":"https:\/\/www.kulturtechno.de\/index.php?rest_route=\/wp\/v2\/users\/1"}],"replies":[{"embeddable":true,"href":"https:\/\/www.kulturtechno.de\/index.php?rest_route=%2Fwp%2Fv2%2Fcomments&post=395"}],"version-history":[{"count":6,"href":"https:\/\/www.kulturtechno.de\/index.php?rest_route=\/wp\/v2\/posts\/395\/revisions"}],"predecessor-version":[{"id":401,"href":"https:\/\/www.kulturtechno.de\/index.php?rest_route=\/wp\/v2\/posts\/395\/revisions\/401"}],"wp:attachment":[{"href":"https:\/\/www.kulturtechno.de\/index.php?rest_route=%2Fwp%2Fv2%2Fmedia&parent=395"}],"wp:term":[{"taxonomy":"category","embeddable":true,"href":"https:\/\/www.kulturtechno.de\/index.php?rest_route=%2Fwp%2Fv2%2Fcategories&post=395"},{"taxonomy":"post_tag","embeddable":true,"href":"https:\/\/www.kulturtechno.de\/index.php?rest_route=%2Fwp%2Fv2%2Ftags&post=395"}],"curies":[{"name":"wp","href":"https:\/\/api.w.org\/{rel}","templated":true}]}}