{"id":392,"date":"2008-11-01T13:28:00","date_gmt":"2008-11-01T11:28:00","guid":{"rendered":"http:\/\/www.kulturtechno.de\/?p=392"},"modified":"2008-11-01T13:28:27","modified_gmt":"2008-11-01T11:28:27","slug":"frankfurter-strasenmetaphorik","status":"publish","type":"post","link":"https:\/\/www.kulturtechno.de\/?p=392","title":{"rendered":"Frankfurter Stra\u00dfenmetaphorik"},"content":{"rendered":"<p>Die Kantstra\u00dfe wird von der Musikantenstra\u00dfe gekreuzt.<\/p>\n<p>In der Kantstra\u00dfe gibt es ein &#8222;Caf\u00e9 Kante&#8220;.<\/p>\n<p>In der Kantstra\u00dfe gibt es einen &#8222;Edeltr\u00f6del&#8220;. (Wobei sich da fragt, ob der Inhalt oder die Form gemeint ist.)<\/p>\n","protected":false},"excerpt":{"rendered":"<p>Die Kantstra\u00dfe wird von der Musikantenstra\u00dfe gekreuzt. In der Kantstra\u00dfe gibt es ein &#8222;Caf\u00e9 Kante&#8220;. In der Kantstra\u00dfe gibt es einen &#8222;Edeltr\u00f6del&#8220;. (Wobei sich da fragt, ob der Inhalt oder die Form gemeint ist.)<\/p>\n","protected":false},"author":1,"featured_media":0,"comment_status":"closed","ping_status":"open","sticky":false,"template":"","format":"standard","meta":{"_links_to":"","_links_to_target":"","footnotes":""},"categories":[10],"tags":[],"class_list":["post-392","post","type-post","status-publish","format-standard","hentry","category-aufklaerung"],"_links":{"self":[{"href":"https:\/\/www.kulturtechno.de\/index.php?rest_route=\/wp\/v2\/posts\/392"}],"collection":[{"href":"https:\/\/www.kulturtechno.de\/index.php?rest_route=\/wp\/v2\/posts"}],"about":[{"href":"https:\/\/www.kulturtechno.de\/index.php?rest_route=\/wp\/v2\/types\/post"}],"author":[{"embeddable":true,"href":"https:\/\/www.kulturtechno.de\/index.php?rest_route=\/wp\/v2\/users\/1"}],"replies":[{"embeddable":true,"href":"https:\/\/www.kulturtechno.de\/index.php?rest_route=%2Fwp%2Fv2%2Fcomments&post=392"}],"version-history":[{"count":2,"href":"https:\/\/www.kulturtechno.de\/index.php?rest_route=\/wp\/v2\/posts\/392\/revisions"}],"predecessor-version":[{"id":394,"href":"https:\/\/www.kulturtechno.de\/index.php?rest_route=\/wp\/v2\/posts\/392\/revisions\/394"}],"wp:attachment":[{"href":"https:\/\/www.kulturtechno.de\/index.php?rest_route=%2Fwp%2Fv2%2Fmedia&parent=392"}],"wp:term":[{"taxonomy":"category","embeddable":true,"href":"https:\/\/www.kulturtechno.de\/index.php?rest_route=%2Fwp%2Fv2%2Fcategories&post=392"},{"taxonomy":"post_tag","embeddable":true,"href":"https:\/\/www.kulturtechno.de\/index.php?rest_route=%2Fwp%2Fv2%2Ftags&post=392"}],"curies":[{"name":"wp","href":"https:\/\/api.w.org\/{rel}","templated":true}]}}