{"id":3693,"date":"2010-11-19T06:01:58","date_gmt":"2010-11-19T04:01:58","guid":{"rendered":"http:\/\/www.kulturtechno.de\/?p=3693"},"modified":"2010-11-17T17:05:12","modified_gmt":"2010-11-17T15:05:12","slug":"bremer-freiheit","status":"publish","type":"post","link":"https:\/\/www.kulturtechno.de\/?p=3693","title":{"rendered":"Bremer Freiheit"},"content":{"rendered":"<p>Ein Veranstaltungshinweis: Ab Freitag l\u00e4uft im Konzerthaus Berlin das Musiktheater &#8222;Bremer Freiheit&#8220; von Adriana H\u00f6lszky, nach Rainer Werner Fassbinder. Ich sch\u00e4tze H\u00f6lszky vor allem als Musiktheaterkomponistin sehr und empfehle den Besuch!<\/p>\n<p>Konzerthaus Berlin, Werner-Otto-Saal | Premiere am 19.11. | Weitere Vorstellungen am 20.\/25.\/26.\/27.11. \u2013 jeweils um 20 Uhr<\/p>\n<p><a href=\"http:\/\/blogs.nmz.de\/badblog\/files\/2010\/11\/Geesche01-768x1024.jpg\" rel=\"lightbox[3693]\"><img loading=\"lazy\" decoding=\"async\" class=\"alignnone\" src=\"http:\/\/blogs.nmz.de\/badblog\/files\/2010\/11\/Geesche01-768x1024.jpg\" alt=\"\" width=\"468\" height=\"624\" \/><\/a><\/p>\n<p>Mehr Infos dazu u.a. im <a href=\"http:\/\/blogs.nmz.de\/badblog\/2010\/11\/15\/geesche-am-gendarmenmarkt-i\/\">Bad Blog of Musick<\/a>!<\/p>\n<p>[ad#ad2]<\/p>\n","protected":false},"excerpt":{"rendered":"<p>Ein Veranstaltungshinweis: Ab Freitag l\u00e4uft im Konzerthaus Berlin das Musiktheater &#8222;Bremer Freiheit&#8220; von Adriana H\u00f6lszky, nach Rainer Werner Fassbinder. Ich sch\u00e4tze H\u00f6lszky vor allem als Musiktheaterkomponistin sehr und empfehle den Besuch! Konzerthaus Berlin, Werner-Otto-Saal | Premiere am 19.11. | Weitere Vorstellungen am 20.\/25.\/26.\/27.11. \u2013 jeweils um 20 Uhr Mehr Infos dazu u.a. im Bad Blog [&hellip;]<\/p>\n","protected":false},"author":1,"featured_media":0,"comment_status":"open","ping_status":"open","sticky":false,"template":"","format":"standard","meta":{"_links_to":"","_links_to_target":"","footnotes":""},"categories":[14],"tags":[],"class_list":["post-3693","post","type-post","status-publish","format-standard","hentry","category-veranstaltungen"],"_links":{"self":[{"href":"https:\/\/www.kulturtechno.de\/index.php?rest_route=\/wp\/v2\/posts\/3693"}],"collection":[{"href":"https:\/\/www.kulturtechno.de\/index.php?rest_route=\/wp\/v2\/posts"}],"about":[{"href":"https:\/\/www.kulturtechno.de\/index.php?rest_route=\/wp\/v2\/types\/post"}],"author":[{"embeddable":true,"href":"https:\/\/www.kulturtechno.de\/index.php?rest_route=\/wp\/v2\/users\/1"}],"replies":[{"embeddable":true,"href":"https:\/\/www.kulturtechno.de\/index.php?rest_route=%2Fwp%2Fv2%2Fcomments&post=3693"}],"version-history":[{"count":1,"href":"https:\/\/www.kulturtechno.de\/index.php?rest_route=\/wp\/v2\/posts\/3693\/revisions"}],"predecessor-version":[{"id":3694,"href":"https:\/\/www.kulturtechno.de\/index.php?rest_route=\/wp\/v2\/posts\/3693\/revisions\/3694"}],"wp:attachment":[{"href":"https:\/\/www.kulturtechno.de\/index.php?rest_route=%2Fwp%2Fv2%2Fmedia&parent=3693"}],"wp:term":[{"taxonomy":"category","embeddable":true,"href":"https:\/\/www.kulturtechno.de\/index.php?rest_route=%2Fwp%2Fv2%2Fcategories&post=3693"},{"taxonomy":"post_tag","embeddable":true,"href":"https:\/\/www.kulturtechno.de\/index.php?rest_route=%2Fwp%2Fv2%2Ftags&post=3693"}],"curies":[{"name":"wp","href":"https:\/\/api.w.org\/{rel}","templated":true}]}}