{"id":3518,"date":"2010-09-04T06:52:28","date_gmt":"2010-09-04T04:52:28","guid":{"rendered":"http:\/\/www.kulturtechno.de\/?p=3518"},"modified":"2010-09-04T09:32:34","modified_gmt":"2010-09-04T07:32:34","slug":"gehorgangsspiegelung-%e2%80%93-2-bericht-von-den-proben-fur-%e2%80%9efeeds-horen-tv%e2%80%9c","status":"publish","type":"post","link":"https:\/\/www.kulturtechno.de\/?p=3518","title":{"rendered":"Geh\u00f6rgangsspiegelung \u2013 2. Bericht von den Proben f\u00fcr \u201eFeeds. H\u00f6ren TV\u201c"},"content":{"rendered":"<p><strong>Die Ouvert\u00fcre ist gefunden!<\/strong><\/p>\n<p><a href=\"http:\/\/www.kulturtechno.de\/images\/47174_1593088394133_1443602284_1596405_7593549_n.jpg\" rel=\"lightbox[3518]\"><br \/>\n<\/a><\/p>\n<div style=\"width: 481px\" class=\"wp-caption alignnone\"><a href=\"http:\/\/www.kleintiermedizin.ch\/katze\/ohren\/bilder\/bild3.jpg\" rel=\"lightbox[3518]\"><img loading=\"lazy\" decoding=\"async\" class=\" \" src=\"http:\/\/www.kleintiermedizin.ch\/katze\/ohren\/bilder\/bild3.jpg\" alt=\"Da muss Musik durch. Grauenhaft!\" width=\"471\" height=\"468\" \/><\/a><p class=\"wp-caption-text\">Entsetzlich: Da muss Musik durch!<\/p><\/div>\n<p>Musik hat\u2019s schwer. Die Bildende Kunst, die wird mit dem Auge wahrgenommen, dem Spiegel der Seele, dem sch\u00f6nsten K\u00f6rperteil \u00fcberhaupt! Und die Musik? Die muss erst mal durch einen engen, behaarten und vollgeschmalzten Gang durch, ehe sie in w\u00fcrdigere K\u00f6rperregionen gelangt. Also \u00e4sthetisch ist das nicht! Aber darum geht es ja auch gar nicht in \u201eFeeds. H\u00f6ren TV\u201c \u2013 genau, es geht nicht um \u00c4sthetik, sondern ums Entweihen, Entlarven, Entkernen, \u201ekonzeptuelle Zumtungen\u201c (Claus-Steffen Mahnkopf, \u00dcber das H\u00f6ren. in: &#8222;Musik, \u00c4sthetik, Digitalisierung &#8211; Eine Kontroverse&#8220;). Darum als Ouvert\u00fcre zu Feeds: Eine Geh\u00f6rgangsspiegelung. Etliche Probenzeit hat diese Entscheidung gekostet, R\u00f6ntgenprozeduren aller Beteiligten, der gesamte Frauenchor wurde nacktgescannt. Gottseidank nun die Einigung &#8211; wenn auch Schmalz in der Musik kein ganz neues Thema ist.<\/p>\n<p>Weitere Mahnkopf-Zitate am 18.\/25.\/26. 9. im Musiktheater im Revier Gelsenkirchen!<\/p>\n<div style=\"width: 514px\" class=\"wp-caption aligncenter\"><a href=\"http:\/\/sphotos.ak.fbcdn.net\/hphotos-ak-ash2\/hs209.ash2\/47174_1593088394133_1443602284_1596405_7593549_n.jpg\" rel=\"lightbox[3518]\"><img loading=\"lazy\" decoding=\"async\" class=\" \" src=\"http:\/\/sphotos.ak.fbcdn.net\/hphotos-ak-ash2\/hs209.ash2\/47174_1593088394133_1443602284_1596405_7593549_n.jpg\" alt=\"Werbung: Wegen des riesigen Erfolgs jetzt die 2., stark erweiterte Auflage von Musik, \u00c4sthetik, Digitalisierung - Eine Kontroverse. Wolke Verlag, gebunden, 1300 Seiten.\" width=\"504\" height=\"378\" \/><\/a><p class=\"wp-caption-text\">Werbung: Wegen des riesigen Erfolgs jetzt die 2., stark erweiterte Auflage von &quot;Musik, \u00c4sthetik, Digitalisierung - Eine Kontroverse&quot;. Wolke Verlag, gebunden, 1300 Seiten.<\/p><\/div>\n<p>[ad#ad2]<\/p>\n","protected":false},"excerpt":{"rendered":"<p>Die Ouvert\u00fcre ist gefunden! Musik hat\u2019s schwer. Die Bildende Kunst, die wird mit dem Auge wahrgenommen, dem Spiegel der Seele, dem sch\u00f6nsten K\u00f6rperteil \u00fcberhaupt! Und die Musik? Die muss erst mal durch einen engen, behaarten und vollgeschmalzten Gang durch, ehe sie in w\u00fcrdigere K\u00f6rperregionen gelangt. Also \u00e4sthetisch ist das nicht! Aber darum geht es ja [&hellip;]<\/p>\n","protected":false},"author":1,"featured_media":0,"comment_status":"open","ping_status":"open","sticky":false,"template":"","format":"standard","meta":{"_links_to":"","_links_to_target":"","footnotes":""},"categories":[3],"tags":[],"class_list":["post-3518","post","type-post","status-publish","format-standard","hentry","category-id"],"_links":{"self":[{"href":"https:\/\/www.kulturtechno.de\/index.php?rest_route=\/wp\/v2\/posts\/3518"}],"collection":[{"href":"https:\/\/www.kulturtechno.de\/index.php?rest_route=\/wp\/v2\/posts"}],"about":[{"href":"https:\/\/www.kulturtechno.de\/index.php?rest_route=\/wp\/v2\/types\/post"}],"author":[{"embeddable":true,"href":"https:\/\/www.kulturtechno.de\/index.php?rest_route=\/wp\/v2\/users\/1"}],"replies":[{"embeddable":true,"href":"https:\/\/www.kulturtechno.de\/index.php?rest_route=%2Fwp%2Fv2%2Fcomments&post=3518"}],"version-history":[{"count":5,"href":"https:\/\/www.kulturtechno.de\/index.php?rest_route=\/wp\/v2\/posts\/3518\/revisions"}],"predecessor-version":[{"id":3525,"href":"https:\/\/www.kulturtechno.de\/index.php?rest_route=\/wp\/v2\/posts\/3518\/revisions\/3525"}],"wp:attachment":[{"href":"https:\/\/www.kulturtechno.de\/index.php?rest_route=%2Fwp%2Fv2%2Fmedia&parent=3518"}],"wp:term":[{"taxonomy":"category","embeddable":true,"href":"https:\/\/www.kulturtechno.de\/index.php?rest_route=%2Fwp%2Fv2%2Fcategories&post=3518"},{"taxonomy":"post_tag","embeddable":true,"href":"https:\/\/www.kulturtechno.de\/index.php?rest_route=%2Fwp%2Fv2%2Ftags&post=3518"}],"curies":[{"name":"wp","href":"https:\/\/api.w.org\/{rel}","templated":true}]}}