{"id":3351,"date":"2010-09-02T00:38:57","date_gmt":"2010-09-01T22:38:57","guid":{"rendered":"http:\/\/www.kulturtechno.de\/?p=3351"},"modified":"2010-07-06T18:41:16","modified_gmt":"2010-07-06T16:41:16","slug":"stil-1b-helsinki","status":"publish","type":"post","link":"https:\/\/www.kulturtechno.de\/?p=3351","title":{"rendered":"Stil 1b @ Helsinki"},"content":{"rendered":"<p>Heute abend 2.9.2010 spielen Andreas Kiefer, Daniel Agi und Ingolfur Vilhjalmsson die Urauff\u00fchrung von &#8222;Stil 1b&#8220; f\u00fcr Akkordeon, Fl\u00f6te, Bassklarinette und Zuspielungen \/\/ Sibelius-Akademie Helsinki. Pflichtveranstaltung f\u00fcr alle Kulturtechno-Leser! Ich selber kann leider nicht zugegen sein..<\/p>\n<p>[ad#ad2]<\/p>\n","protected":false},"excerpt":{"rendered":"<p>Heute abend 2.9.2010 spielen Andreas Kiefer, Daniel Agi und Ingolfur Vilhjalmsson die Urauff\u00fchrung von &#8222;Stil 1b&#8220; f\u00fcr Akkordeon, Fl\u00f6te, Bassklarinette und Zuspielungen \/\/ Sibelius-Akademie Helsinki. Pflichtveranstaltung f\u00fcr alle Kulturtechno-Leser! Ich selber kann leider nicht zugegen sein.. [ad#ad2]<\/p>\n","protected":false},"author":1,"featured_media":0,"comment_status":"open","ping_status":"open","sticky":false,"template":"","format":"standard","meta":{"_links_to":"","_links_to_target":"","footnotes":""},"categories":[3],"tags":[],"class_list":["post-3351","post","type-post","status-publish","format-standard","hentry","category-id"],"_links":{"self":[{"href":"https:\/\/www.kulturtechno.de\/index.php?rest_route=\/wp\/v2\/posts\/3351"}],"collection":[{"href":"https:\/\/www.kulturtechno.de\/index.php?rest_route=\/wp\/v2\/posts"}],"about":[{"href":"https:\/\/www.kulturtechno.de\/index.php?rest_route=\/wp\/v2\/types\/post"}],"author":[{"embeddable":true,"href":"https:\/\/www.kulturtechno.de\/index.php?rest_route=\/wp\/v2\/users\/1"}],"replies":[{"embeddable":true,"href":"https:\/\/www.kulturtechno.de\/index.php?rest_route=%2Fwp%2Fv2%2Fcomments&post=3351"}],"version-history":[{"count":1,"href":"https:\/\/www.kulturtechno.de\/index.php?rest_route=\/wp\/v2\/posts\/3351\/revisions"}],"predecessor-version":[{"id":3352,"href":"https:\/\/www.kulturtechno.de\/index.php?rest_route=\/wp\/v2\/posts\/3351\/revisions\/3352"}],"wp:attachment":[{"href":"https:\/\/www.kulturtechno.de\/index.php?rest_route=%2Fwp%2Fv2%2Fmedia&parent=3351"}],"wp:term":[{"taxonomy":"category","embeddable":true,"href":"https:\/\/www.kulturtechno.de\/index.php?rest_route=%2Fwp%2Fv2%2Fcategories&post=3351"},{"taxonomy":"post_tag","embeddable":true,"href":"https:\/\/www.kulturtechno.de\/index.php?rest_route=%2Fwp%2Fv2%2Ftags&post=3351"}],"curies":[{"name":"wp","href":"https:\/\/api.w.org\/{rel}","templated":true}]}}