{"id":326,"date":"2008-10-23T23:42:09","date_gmt":"2008-10-23T21:42:09","guid":{"rendered":"http:\/\/www.kulturtechno.de\/?p=326"},"modified":"2008-10-24T00:13:42","modified_gmt":"2008-10-23T22:13:42","slug":"in-hyper-intervals-danzig","status":"publish","type":"post","link":"https:\/\/www.kulturtechno.de\/?p=326","title":{"rendered":"in hyper intervals @Danzig"},"content":{"rendered":"<p>N\u00e4chsten Samstag, 25.10.2008 ist die Urauff\u00fchrung von <a href=\"http:\/\/www.kreidler-net.de\/inhyperintervals.htm\">in hyper intervals<\/a> durch das <a href=\"http:\/\/www.kwartludium.com\/\">Ensemble Kwartludium<\/a>. Leider kann ich nicht dabei sein, aber n\u00e4chstes Jahr dann wenn sie das St\u00fcck bei der <a href=\"http:\/\/wrocenter.pl\/\">Media Art Biennale<\/a> in Breslau wieder spielen.<\/p>\n<p>&nbsp;<\/p>\n<p><a href=\"http:\/\/merlin.pl\/Kwartludium_Kwartludium,images_big,20,DUX0596.jpg\" rel=\"lightbox[326]\"><img loading=\"lazy\" decoding=\"async\" class=\"alignnone\" title=\"http:\/\/merlin.pl\/Kwartludium_Kwartludium,images_big,20,DUX0596.jpg\" src=\"http:\/\/merlin.pl\/Kwartludium_Kwartludium,images_big,20,DUX0596.jpg\" alt=\"\" width=\"469\" height=\"410\" \/><\/a><\/p>\n","protected":false},"excerpt":{"rendered":"<p>N\u00e4chsten Samstag, 25.10.2008 ist die Urauff\u00fchrung von in hyper intervals durch das Ensemble Kwartludium. Leider kann ich nicht dabei sein, aber n\u00e4chstes Jahr dann wenn sie das St\u00fcck bei der Media Art Biennale in Breslau wieder spielen. &nbsp;<\/p>\n","protected":false},"author":1,"featured_media":0,"comment_status":"closed","ping_status":"open","sticky":false,"template":"","format":"standard","meta":{"_links_to":"","_links_to_target":"","footnotes":""},"categories":[3],"tags":[],"class_list":["post-326","post","type-post","status-publish","format-standard","hentry","category-id"],"_links":{"self":[{"href":"https:\/\/www.kulturtechno.de\/index.php?rest_route=\/wp\/v2\/posts\/326"}],"collection":[{"href":"https:\/\/www.kulturtechno.de\/index.php?rest_route=\/wp\/v2\/posts"}],"about":[{"href":"https:\/\/www.kulturtechno.de\/index.php?rest_route=\/wp\/v2\/types\/post"}],"author":[{"embeddable":true,"href":"https:\/\/www.kulturtechno.de\/index.php?rest_route=\/wp\/v2\/users\/1"}],"replies":[{"embeddable":true,"href":"https:\/\/www.kulturtechno.de\/index.php?rest_route=%2Fwp%2Fv2%2Fcomments&post=326"}],"version-history":[{"count":3,"href":"https:\/\/www.kulturtechno.de\/index.php?rest_route=\/wp\/v2\/posts\/326\/revisions"}],"predecessor-version":[{"id":331,"href":"https:\/\/www.kulturtechno.de\/index.php?rest_route=\/wp\/v2\/posts\/326\/revisions\/331"}],"wp:attachment":[{"href":"https:\/\/www.kulturtechno.de\/index.php?rest_route=%2Fwp%2Fv2%2Fmedia&parent=326"}],"wp:term":[{"taxonomy":"category","embeddable":true,"href":"https:\/\/www.kulturtechno.de\/index.php?rest_route=%2Fwp%2Fv2%2Fcategories&post=326"},{"taxonomy":"post_tag","embeddable":true,"href":"https:\/\/www.kulturtechno.de\/index.php?rest_route=%2Fwp%2Fv2%2Ftags&post=326"}],"curies":[{"name":"wp","href":"https:\/\/api.w.org\/{rel}","templated":true}]}}