{"id":26574,"date":"2024-12-16T05:22:00","date_gmt":"2024-12-16T03:22:00","guid":{"rendered":"http:\/\/www.kulturtechno.de\/?p=26574"},"modified":"2024-12-15T15:22:48","modified_gmt":"2024-12-15T13:22:48","slug":"seufzerskulpturen","status":"publish","type":"post","link":"https:\/\/www.kulturtechno.de\/?p=26574","title":{"rendered":"Seufzerskulpturen"},"content":{"rendered":"<p>Teil von *SEUFZ*, einem neuen Werk f\u00fcr die Wittener Tage f\u00fcr Neue Kammermusik<\/p>\n<blockquote class=\"bluesky-embed\" data-bluesky-uri=\"at:\/\/did:plc:uhmcjgtozmq4oifehcalduo6\/app.bsky.feed.post\/3ld72mksbtk2r\" data-bluesky-cid=\"bafyreicsgptyfzeg6hgfpf3s6g45jpxnrwk7jtc37xirpd2w4qtwwdumim\">\n<p lang=\"de\">Sigh Sculptures<br \/>\nSound waves of sighs as 3d prints; sighers and sigher choirs<br \/>\nFor Wittener Tage f\u00fcr Neue Kammermusik 2025<\/p>\n<p><a href=\"https:\/\/bsky.app\/profile\/did:plc:uhmcjgtozmq4oifehcalduo6\/post\/3ld72mksbtk2r?ref_src=embed\">[image or embed]<\/a><\/p>\n<p>&mdash; Johannes Kreidler (<a href=\"https:\/\/bsky.app\/profile\/did:plc:uhmcjgtozmq4oifehcalduo6?ref_src=embed\">@kreidler.bsky.social<\/a>) <a href=\"https:\/\/bsky.app\/profile\/did:plc:uhmcjgtozmq4oifehcalduo6\/post\/3ld72mksbtk2r?ref_src=embed\">13. Dezember 2024 um 16:04<\/a><\/p><\/blockquote>\n<p><script async src=\"https:\/\/embed.bsky.app\/static\/embed.js\" charset=\"utf-8\"><\/script><\/p>\n","protected":false},"excerpt":{"rendered":"<p>Teil von *SEUFZ*, einem neuen Werk f\u00fcr die Wittener Tage f\u00fcr Neue Kammermusik Sigh Sculptures Sound waves of sighs as 3d prints; sighers and sigher choirs For Wittener Tage f\u00fcr Neue Kammermusik 2025 [image or embed] &mdash; Johannes Kreidler (@kreidler.bsky.social) 13. Dezember 2024 um 16:04<\/p>\n","protected":false},"author":1,"featured_media":0,"comment_status":"open","ping_status":"open","sticky":false,"template":"","format":"standard","meta":{"_links_to":"","_links_to_target":"","footnotes":""},"categories":[3],"tags":[],"class_list":["post-26574","post","type-post","status-publish","format-standard","hentry","category-id"],"_links":{"self":[{"href":"https:\/\/www.kulturtechno.de\/index.php?rest_route=\/wp\/v2\/posts\/26574"}],"collection":[{"href":"https:\/\/www.kulturtechno.de\/index.php?rest_route=\/wp\/v2\/posts"}],"about":[{"href":"https:\/\/www.kulturtechno.de\/index.php?rest_route=\/wp\/v2\/types\/post"}],"author":[{"embeddable":true,"href":"https:\/\/www.kulturtechno.de\/index.php?rest_route=\/wp\/v2\/users\/1"}],"replies":[{"embeddable":true,"href":"https:\/\/www.kulturtechno.de\/index.php?rest_route=%2Fwp%2Fv2%2Fcomments&post=26574"}],"version-history":[{"count":1,"href":"https:\/\/www.kulturtechno.de\/index.php?rest_route=\/wp\/v2\/posts\/26574\/revisions"}],"predecessor-version":[{"id":26575,"href":"https:\/\/www.kulturtechno.de\/index.php?rest_route=\/wp\/v2\/posts\/26574\/revisions\/26575"}],"wp:attachment":[{"href":"https:\/\/www.kulturtechno.de\/index.php?rest_route=%2Fwp%2Fv2%2Fmedia&parent=26574"}],"wp:term":[{"taxonomy":"category","embeddable":true,"href":"https:\/\/www.kulturtechno.de\/index.php?rest_route=%2Fwp%2Fv2%2Fcategories&post=26574"},{"taxonomy":"post_tag","embeddable":true,"href":"https:\/\/www.kulturtechno.de\/index.php?rest_route=%2Fwp%2Fv2%2Ftags&post=26574"}],"curies":[{"name":"wp","href":"https:\/\/api.w.org\/{rel}","templated":true}]}}