{"id":26386,"date":"2024-09-17T05:12:22","date_gmt":"2024-09-17T03:12:22","guid":{"rendered":"http:\/\/www.kulturtechno.de\/?p=26386"},"modified":"2024-09-15T10:17:47","modified_gmt":"2024-09-15T08:17:47","slug":"die-welle","status":"publish","type":"post","link":"https:\/\/www.kulturtechno.de\/?p=26386","title":{"rendered":"DIE WELLE"},"content":{"rendered":"<p>DIE WELLE<br \/>\nMan hat den parametrischen Charakter (Serialismus), den Klangfarbencharakter (Spektralismus) und den Herstellungscharakter (musique concr\u00e8te instrumentale) von Klang im 20. Jahrhundert musikalisch erschlossen, durchdrungen, aber seinen Wellencharakter kaum. Freilich liegt er meistens nicht im Bereich von mit dem Ohr Wahrnehmbarem, beim Kammerton z\u00e4hlen wir nicht 440 Perioden pro Sekunde, sie teilen sich uns als \u201eTonh\u00f6he\u201c mit, nicht als regelm\u00e4\u00dfiges Pattern eines Schwingsungsverlaufs. Doch sp\u00fcrt man es.<br \/>\nUnd folgt man einem erweiterten Musikbegriff, sind Klang und Musik nicht nur H\u00f6rbares, sondern ist Musizieren auch Performance, sind die Noten grafisch, die Musikinstrumente skulptural, die St\u00fccktitel und etwaige Lyrics Sprache, sind Konzepte von Musik Denken.<br \/>\nIn der Ikonographie von Klang und Musik hat sich in den letzten 10 Jahren ein bemerkenswerter Shift vollzogen: Hat man bis dahin als Icons von Software meist Noten gebraucht, sieht man mittlerweile f\u00fcr Sprachnachrichten, Podcasts oder Audiostreamingplattformen h\u00e4ufiger stilisierte Schallwellen.<br \/>\nSchall, als Welle aufgezeichnet, offenbart seinen auch visuell \u00e4sthetischen Reichtum.<\/p>\n<p><iframe loading=\"lazy\" src=\"https:\/\/www.facebook.com\/plugins\/post.php?href=https%3A%2F%2Fwww.facebook.com%2Fjohannes.kreidler%2Fposts%2Fpfbid0MdAggdvoNz4kPvvqb5naySStxoDqycUbA1qTF7j2j6B38mrncSkPnHM6SbGcFUJ3l&#038;show_text=true&#038;width=500\" width=\"500\" height=\"554\" style=\"border:none;overflow:hidden\" scrolling=\"no\" frameborder=\"0\" allowfullscreen=\"true\" allow=\"autoplay; clipboard-write; encrypted-media; picture-in-picture; web-share\"><\/iframe><\/p>\n","protected":false},"excerpt":{"rendered":"<p>DIE WELLE Man hat den parametrischen Charakter (Serialismus), den Klangfarbencharakter (Spektralismus) und den Herstellungscharakter (musique concr\u00e8te instrumentale) von Klang im 20. Jahrhundert musikalisch erschlossen, durchdrungen, aber seinen Wellencharakter kaum. Freilich liegt er meistens nicht im Bereich von mit dem Ohr Wahrnehmbarem, beim Kammerton z\u00e4hlen wir nicht 440 Perioden pro Sekunde, sie teilen sich uns als [&hellip;]<\/p>\n","protected":false},"author":1,"featured_media":0,"comment_status":"open","ping_status":"open","sticky":false,"template":"","format":"standard","meta":{"_links_to":"","_links_to_target":"","footnotes":""},"categories":[3],"tags":[],"class_list":["post-26386","post","type-post","status-publish","format-standard","hentry","category-id"],"_links":{"self":[{"href":"https:\/\/www.kulturtechno.de\/index.php?rest_route=\/wp\/v2\/posts\/26386"}],"collection":[{"href":"https:\/\/www.kulturtechno.de\/index.php?rest_route=\/wp\/v2\/posts"}],"about":[{"href":"https:\/\/www.kulturtechno.de\/index.php?rest_route=\/wp\/v2\/types\/post"}],"author":[{"embeddable":true,"href":"https:\/\/www.kulturtechno.de\/index.php?rest_route=\/wp\/v2\/users\/1"}],"replies":[{"embeddable":true,"href":"https:\/\/www.kulturtechno.de\/index.php?rest_route=%2Fwp%2Fv2%2Fcomments&post=26386"}],"version-history":[{"count":1,"href":"https:\/\/www.kulturtechno.de\/index.php?rest_route=\/wp\/v2\/posts\/26386\/revisions"}],"predecessor-version":[{"id":26387,"href":"https:\/\/www.kulturtechno.de\/index.php?rest_route=\/wp\/v2\/posts\/26386\/revisions\/26387"}],"wp:attachment":[{"href":"https:\/\/www.kulturtechno.de\/index.php?rest_route=%2Fwp%2Fv2%2Fmedia&parent=26386"}],"wp:term":[{"taxonomy":"category","embeddable":true,"href":"https:\/\/www.kulturtechno.de\/index.php?rest_route=%2Fwp%2Fv2%2Fcategories&post=26386"},{"taxonomy":"post_tag","embeddable":true,"href":"https:\/\/www.kulturtechno.de\/index.php?rest_route=%2Fwp%2Fv2%2Ftags&post=26386"}],"curies":[{"name":"wp","href":"https:\/\/api.w.org\/{rel}","templated":true}]}}