{"id":26376,"date":"2024-09-12T05:40:00","date_gmt":"2024-09-12T03:40:00","guid":{"rendered":"http:\/\/www.kulturtechno.de\/?p=26376"},"modified":"2024-09-08T14:40:40","modified_gmt":"2024-09-08T12:40:40","slug":"teilchen-oder-welle","status":"publish","type":"post","link":"https:\/\/www.kulturtechno.de\/?p=26376","title":{"rendered":"TEILCHEN ODER WELLE"},"content":{"rendered":"<p>TEILCHEN ODER WELLE<br \/>\nDie Ganzheiten der Kunst, und sie operiert mit Ganzheiten, kann nur Ganzes gr\u00fcnden, jedes Fragmentgehube ist Quatsch. Ein Aphorismus beispielsweise ist kein Fragment, wenn ihm auch sicherlich eine Unvollkommenheit der Welt und jedes Werkens gegen\u00fcbersteht, also jene Ganzheiten \u00e4sthetischer Einheiten, der Gelungenheitsmomente r\u00e4umlich und zeitlich, sind Welle und als solche ein Teil mit Teilchen, Mit-Teilchen und Mitteilung.<\/p>\n<p><iframe loading=\"lazy\" src=\"https:\/\/www.facebook.com\/plugins\/post.php?href=https%3A%2F%2Fwww.facebook.com%2Fjohannes.kreidler%2Fposts%2Fpfbid02XXHDhiuwqA7hKAzRya2X45Ufe4z2PCgqfG4ADcuqTQMaUv6ZPrLFqgCXLF5Vwtc8l&#038;show_text=true&#038;width=500\" width=\"500\" height=\"571\" style=\"border:none;overflow:hidden\" scrolling=\"no\" frameborder=\"0\" allowfullscreen=\"true\" allow=\"autoplay; clipboard-write; encrypted-media; picture-in-picture; web-share\"><\/iframe><\/p>\n","protected":false},"excerpt":{"rendered":"<p>TEILCHEN ODER WELLE Die Ganzheiten der Kunst, und sie operiert mit Ganzheiten, kann nur Ganzes gr\u00fcnden, jedes Fragmentgehube ist Quatsch. Ein Aphorismus beispielsweise ist kein Fragment, wenn ihm auch sicherlich eine Unvollkommenheit der Welt und jedes Werkens gegen\u00fcbersteht, also jene Ganzheiten \u00e4sthetischer Einheiten, der Gelungenheitsmomente r\u00e4umlich und zeitlich, sind Welle und als solche ein Teil [&hellip;]<\/p>\n","protected":false},"author":1,"featured_media":0,"comment_status":"open","ping_status":"open","sticky":false,"template":"","format":"standard","meta":{"_links_to":"","_links_to_target":"","footnotes":""},"categories":[3],"tags":[],"class_list":["post-26376","post","type-post","status-publish","format-standard","hentry","category-id"],"_links":{"self":[{"href":"https:\/\/www.kulturtechno.de\/index.php?rest_route=\/wp\/v2\/posts\/26376"}],"collection":[{"href":"https:\/\/www.kulturtechno.de\/index.php?rest_route=\/wp\/v2\/posts"}],"about":[{"href":"https:\/\/www.kulturtechno.de\/index.php?rest_route=\/wp\/v2\/types\/post"}],"author":[{"embeddable":true,"href":"https:\/\/www.kulturtechno.de\/index.php?rest_route=\/wp\/v2\/users\/1"}],"replies":[{"embeddable":true,"href":"https:\/\/www.kulturtechno.de\/index.php?rest_route=%2Fwp%2Fv2%2Fcomments&post=26376"}],"version-history":[{"count":1,"href":"https:\/\/www.kulturtechno.de\/index.php?rest_route=\/wp\/v2\/posts\/26376\/revisions"}],"predecessor-version":[{"id":26377,"href":"https:\/\/www.kulturtechno.de\/index.php?rest_route=\/wp\/v2\/posts\/26376\/revisions\/26377"}],"wp:attachment":[{"href":"https:\/\/www.kulturtechno.de\/index.php?rest_route=%2Fwp%2Fv2%2Fmedia&parent=26376"}],"wp:term":[{"taxonomy":"category","embeddable":true,"href":"https:\/\/www.kulturtechno.de\/index.php?rest_route=%2Fwp%2Fv2%2Fcategories&post=26376"},{"taxonomy":"post_tag","embeddable":true,"href":"https:\/\/www.kulturtechno.de\/index.php?rest_route=%2Fwp%2Fv2%2Ftags&post=26376"}],"curies":[{"name":"wp","href":"https:\/\/api.w.org\/{rel}","templated":true}]}}