{"id":26370,"date":"2024-09-09T05:37:00","date_gmt":"2024-09-09T03:37:00","guid":{"rendered":"http:\/\/www.kulturtechno.de\/?p=26370"},"modified":"2024-09-08T14:38:00","modified_gmt":"2024-09-08T12:38:00","slug":"objekt-expression","status":"publish","type":"post","link":"https:\/\/www.kulturtechno.de\/?p=26370","title":{"rendered":"OBJEKT EXPRESSION"},"content":{"rendered":"<p>OBJEKT EXPRESSION<br \/>\nDie Schallwelle als \u00e4sthetischer Gegenstand (ja im Grunde: Schall als \u00e4sthetischer Gegenstand), dargestellt mit Bildern, bildverdinglichtes Zeitereignis, das sind Amplituden Energiewerte; Werte aber nicht nur als Zahlenwerte, sondern als Expressionswertgut, jede Zacke einer Schallwelle ist ja der Aufschrei.<br \/>\nDabei ist das ein winziger Schallmoment, den das Bild zeigt, ein paar Millisekunden, millimikroskopisch wahrgenommen, amplifizierte Nanosekunde auf gro\u00dfer Leinwand. Zeitlupe und Zeit-Loop.<br \/>\nDer Schall geht \u00fcber Augen ins Denken und von da wom\u00f6glich zur\u00fcck in eine Klangvorstellung, oder in eine Kontraktion von Muskeln.<\/p>\n<p><iframe loading=\"lazy\" src=\"https:\/\/www.facebook.com\/plugins\/post.php?href=https%3A%2F%2Fwww.facebook.com%2Fjohannes.kreidler%2Fposts%2Fpfbid0S3NTpynAn542KmDVtAfNeFPmvd5U9TWf4LJSh8DYutzK4bwcniP4qnHEuDio8Xafl&#038;show_text=true&#038;width=500\" width=\"500\" height=\"533\" style=\"border:none;overflow:hidden\" scrolling=\"no\" frameborder=\"0\" allowfullscreen=\"true\" allow=\"autoplay; clipboard-write; encrypted-media; picture-in-picture; web-share\"><\/iframe><\/p>\n","protected":false},"excerpt":{"rendered":"<p>OBJEKT EXPRESSION Die Schallwelle als \u00e4sthetischer Gegenstand (ja im Grunde: Schall als \u00e4sthetischer Gegenstand), dargestellt mit Bildern, bildverdinglichtes Zeitereignis, das sind Amplituden Energiewerte; Werte aber nicht nur als Zahlenwerte, sondern als Expressionswertgut, jede Zacke einer Schallwelle ist ja der Aufschrei. Dabei ist das ein winziger Schallmoment, den das Bild zeigt, ein paar Millisekunden, millimikroskopisch wahrgenommen, [&hellip;]<\/p>\n","protected":false},"author":1,"featured_media":0,"comment_status":"open","ping_status":"open","sticky":false,"template":"","format":"standard","meta":{"_links_to":"","_links_to_target":"","footnotes":""},"categories":[3],"tags":[],"class_list":["post-26370","post","type-post","status-publish","format-standard","hentry","category-id"],"_links":{"self":[{"href":"https:\/\/www.kulturtechno.de\/index.php?rest_route=\/wp\/v2\/posts\/26370"}],"collection":[{"href":"https:\/\/www.kulturtechno.de\/index.php?rest_route=\/wp\/v2\/posts"}],"about":[{"href":"https:\/\/www.kulturtechno.de\/index.php?rest_route=\/wp\/v2\/types\/post"}],"author":[{"embeddable":true,"href":"https:\/\/www.kulturtechno.de\/index.php?rest_route=\/wp\/v2\/users\/1"}],"replies":[{"embeddable":true,"href":"https:\/\/www.kulturtechno.de\/index.php?rest_route=%2Fwp%2Fv2%2Fcomments&post=26370"}],"version-history":[{"count":1,"href":"https:\/\/www.kulturtechno.de\/index.php?rest_route=\/wp\/v2\/posts\/26370\/revisions"}],"predecessor-version":[{"id":26371,"href":"https:\/\/www.kulturtechno.de\/index.php?rest_route=\/wp\/v2\/posts\/26370\/revisions\/26371"}],"wp:attachment":[{"href":"https:\/\/www.kulturtechno.de\/index.php?rest_route=%2Fwp%2Fv2%2Fmedia&parent=26370"}],"wp:term":[{"taxonomy":"category","embeddable":true,"href":"https:\/\/www.kulturtechno.de\/index.php?rest_route=%2Fwp%2Fv2%2Fcategories&post=26370"},{"taxonomy":"post_tag","embeddable":true,"href":"https:\/\/www.kulturtechno.de\/index.php?rest_route=%2Fwp%2Fv2%2Ftags&post=26370"}],"curies":[{"name":"wp","href":"https:\/\/api.w.org\/{rel}","templated":true}]}}