{"id":26342,"date":"2024-08-27T05:52:00","date_gmt":"2024-08-27T03:52:00","guid":{"rendered":"http:\/\/www.kulturtechno.de\/?p=26342"},"modified":"2024-08-25T18:52:29","modified_gmt":"2024-08-25T16:52:29","slug":"polemische-rationalitaet","status":"publish","type":"post","link":"https:\/\/www.kulturtechno.de\/?p=26342","title":{"rendered":"POLEMISCHE RATIONALIT\u00c4T"},"content":{"rendered":"<p>POLEMISCHE RATIONALIT\u00c4T<\/p>\n<p>Beim Wiederlesen von Camus\u2018 \u201eDer Mythos des Sisyphos\u201c, dieses bekannten Texts, der eine Philosophie des absurden Gl\u00fccksempfindens ausdenkt (\u201ewir m\u00fcssen uns Sisyphos als gl\u00fccklichen Menschen vorstellen\u201c), fiel mir hinein: Tats\u00e4chlich absurd, dass es erst seit den 1990ern in der wissenschaftlich-akademischen Psychologie die \u201eGl\u00fccksforschung\u201c gibt. Davor war Psychologie ja immerzu mit den Traumata und, gl\u00fccklichstenfalls, mit der Gestaltwahrnehmung und Bed\u00fcrfnispyramiden befasst. Aber was die Menschen gl\u00fccklich macht, daran hat man \u2013 wissenschaftlich \u2013 nie gedacht. Und dieweil die Philosophen drauflosgelassen.<br \/>\nAber mittlerweile gibt es sie, und damit ist Camus Makulatur.<br \/>\nPsychologie ist die Rationalisierung des Irrationalen.<br \/>\nDann vom Was zum Wie, also von der Wissenschaft zur Politik: 2012 ging schlie\u00dflich-endlich, eine K\u00fcnstlergruppe aus Mannheim daran, ein \u201eGl\u00fccksministerium\u201c zu umrei\u00dfen, welches die Vermehrung des \u201eBruttonationalgl\u00fccks\u201c zum Ziel habe.<br \/>\nAuch wenn dieses Bruttonationalgl\u00fcck schwerlich sich in Zahlen darstellen l\u00e4sst, auch wenn es mit dem Gl\u00fcck eine komplizierte, also wahrlich wissenschaftsnotbed\u00fcrftige Angelegenheit ist, sollte das \u201epursuit of happniness\u201c nicht nur ein (in der US-Verfassung verbrieftes) Menschenrecht, sondern: Staatsaufgabe sein. Zum Beispiel mit der Stundeneinplanung eines Schulfaches \u201eGl\u00fcck\u201c.<\/p>\n<p><iframe loading=\"lazy\" src=\"https:\/\/www.facebook.com\/plugins\/post.php?href=https%3A%2F%2Fwww.facebook.com%2Fjohannes.kreidler%2Fposts%2Fpfbid0SXKZzdUfL3KmLMaht4DAycjXXUHRcrDuqnLEMWpU9KL8dAJmbf4x4NHphBz72jL2l&#038;show_text=true&#038;width=500\" width=\"500\" height=\"534\" style=\"border:none;overflow:hidden\" scrolling=\"no\" frameborder=\"0\" allowfullscreen=\"true\" allow=\"autoplay; clipboard-write; encrypted-media; picture-in-picture; web-share\"><\/iframe><\/p>\n","protected":false},"excerpt":{"rendered":"<p>POLEMISCHE RATIONALIT\u00c4T Beim Wiederlesen von Camus\u2018 \u201eDer Mythos des Sisyphos\u201c, dieses bekannten Texts, der eine Philosophie des absurden Gl\u00fccksempfindens ausdenkt (\u201ewir m\u00fcssen uns Sisyphos als gl\u00fccklichen Menschen vorstellen\u201c), fiel mir hinein: Tats\u00e4chlich absurd, dass es erst seit den 1990ern in der wissenschaftlich-akademischen Psychologie die \u201eGl\u00fccksforschung\u201c gibt. Davor war Psychologie ja immerzu mit den Traumata und, [&hellip;]<\/p>\n","protected":false},"author":1,"featured_media":0,"comment_status":"open","ping_status":"open","sticky":false,"template":"","format":"standard","meta":{"_links_to":"","_links_to_target":"","footnotes":""},"categories":[3],"tags":[],"class_list":["post-26342","post","type-post","status-publish","format-standard","hentry","category-id"],"_links":{"self":[{"href":"https:\/\/www.kulturtechno.de\/index.php?rest_route=\/wp\/v2\/posts\/26342"}],"collection":[{"href":"https:\/\/www.kulturtechno.de\/index.php?rest_route=\/wp\/v2\/posts"}],"about":[{"href":"https:\/\/www.kulturtechno.de\/index.php?rest_route=\/wp\/v2\/types\/post"}],"author":[{"embeddable":true,"href":"https:\/\/www.kulturtechno.de\/index.php?rest_route=\/wp\/v2\/users\/1"}],"replies":[{"embeddable":true,"href":"https:\/\/www.kulturtechno.de\/index.php?rest_route=%2Fwp%2Fv2%2Fcomments&post=26342"}],"version-history":[{"count":1,"href":"https:\/\/www.kulturtechno.de\/index.php?rest_route=\/wp\/v2\/posts\/26342\/revisions"}],"predecessor-version":[{"id":26343,"href":"https:\/\/www.kulturtechno.de\/index.php?rest_route=\/wp\/v2\/posts\/26342\/revisions\/26343"}],"wp:attachment":[{"href":"https:\/\/www.kulturtechno.de\/index.php?rest_route=%2Fwp%2Fv2%2Fmedia&parent=26342"}],"wp:term":[{"taxonomy":"category","embeddable":true,"href":"https:\/\/www.kulturtechno.de\/index.php?rest_route=%2Fwp%2Fv2%2Fcategories&post=26342"},{"taxonomy":"post_tag","embeddable":true,"href":"https:\/\/www.kulturtechno.de\/index.php?rest_route=%2Fwp%2Fv2%2Ftags&post=26342"}],"curies":[{"name":"wp","href":"https:\/\/api.w.org\/{rel}","templated":true}]}}