{"id":26045,"date":"2024-04-02T05:28:16","date_gmt":"2024-04-02T03:28:16","guid":{"rendered":"http:\/\/www.kulturtechno.de\/?p=26045"},"modified":"2024-04-01T20:32:16","modified_gmt":"2024-04-01T18:32:16","slug":"symposium-kunst-der-kunstlehre","status":"publish","type":"post","link":"https:\/\/www.kulturtechno.de\/?p=26045","title":{"rendered":"Symposium &#8222;Kunst der Kunstlehre&#8220;"},"content":{"rendered":"<p><strong>KUNST DER KUNSTLEHRE<\/strong><\/p>\n<p>Wie Komponieren unterrichtet wird<\/p>\n<p>Symposium<\/p>\n<p>Termin: 13.\/14. April 2024<\/p>\n<p>Verantwortlich: Prof. Johannes Kreidler | johannes.kreidler@fhnw.ch<\/p>\n<p>W\u00e4hrend in Theater-, Literatur- und Kunstp\u00e4dagogik die Reflexion bez\u00fcglich des Unterrichts angehender RegisseurInnen, SchauspielerInnen, SchriftstellerInnen und K\u00fcnstlerInnen (und als solche selbst wiederum auch k\u00fcnftige Lehrende) weit entwickelt und niedergeschrieben ist, scheint sich im Bereich der Komposition Neuer Musik seit Jahrzehnten \u00fcber die tats\u00e4chliche Lehre hinaus wenig zu tun.<\/p>\n<p>Dabei w\u00e4re gerade angesichts einer Explosion der \u00c4sthetiken und Mittel seit der Postmoderne und der Digitalen Revolution dies, jenseits des Tonsatz-Traktats und der perhorreszierten &gt;Verschulung&lt; von Avantgarde ein Desiderat: In einem Bereich, in dem Kreativit\u00e4t und sch\u00f6pferische Intuition zentral sind, eben jene F\u00e4higkeiten auch auf das Unterrichten derselben und der vielen weiteren Aspekte Neuer Musik im 21. Jahrhundert hin zu betrachten.<\/p>\n<p>Auf dieser Tagung soll es um das Unterrichten von Komposition Neuer Musik an Musikhochschulen gehen. Ist dieses nicht notwendig selbst eine Kunst? Wenn ja, was f\u00fcr eine? Neben Ausk\u00fcnften von ProfessorInnen aus Ihrer Praxis soll es historische Perspektiven sowie Einblicke in andere Kunstsparten geben.<\/p>\n<p>Vortragende:<\/p>\n<p>Carola Bauckholt<\/p>\n<p>Beate Florenz &amp; Kolleginnen<\/p>\n<p>Roland Moser<\/p>\n<p>Gordon Kampe<\/p>\n<p>Johannes Kreidler<\/p>\n<p>Katharina Rosenberger<\/p>\n<p>Michel Roth<\/p>\n<p>Martin Sch\u00fcttler<\/p>\n<p>Ablauf:<\/p>\n<p>Samstag, 13.4. Raum 6-401<\/p>\n<p>13:00-18:30 Vortr\u00e4ge (inkl. Kaffeepause)<\/p>\n<p>20:00 Konzert (Lecture Performances) Linder Saal &#8211; Klassen Neumann und Kreidler<\/p>\n<p>Sonntag, 14.4.<\/p>\n<p>10:00-13:00 Vortr\u00e4ge &amp; Abschlusspanel<\/p>\n<p>Hochschule f\u00fcr Musik Basel | Musikakademie Basel | Leonhardsstrasse 6 * 4009 Basel<\/p>\n<p>Verantwortlich: Prof. Johannes Kreidler * johannes.kreidler@fhnw.ch<\/p>\n<p>THE ART OF ART TEACHING<\/p>\n<p>How composition is taught<\/p>\n<p>While in theater, literature and art education the reflection regarding the teaching of aspiring directors, actors, writers and artists (and as such in turn also future teachers) is well developed and written down, little seems to have been done in the field of new music composition beyond actual teaching for decades.<\/p>\n<p>Especially in light of an explosion of aesthetics and means since postmodernity and the Digital Revolution, this, beyond the treatise on composition and the dreaded &#8217;schooling&#8216; of the avant-garde, would be a desideratum: In a domain where creativity and creative intuition are central, to consider those very skills in teaching them and the many other aspects of New Music in the 21st century.<\/p>\n<p>This symposium will be about teaching new music composition at music universities. Isn&#8217;t this itself necessary a form of art? If so, what kind? In addition to insights from professors based on their practice, there will be historical perspectives and insights into other art disciplines.<\/p>\n<p>&nbsp;<\/p>\n<p>&nbsp;<\/p>\n<blockquote class=\"instagram-media\" style=\"background: #FFF; border: 0; border-radius: 3px; box-shadow: 0 0 1px 0 rgba(0,0,0,0.5),0 1px 10px 0 rgba(0,0,0,0.15); margin: 1px; max-width: 540px; min-width: 326px; padding: 0; width: calc(100% - 2px);\" data-instgrm-captioned=\"\" data-instgrm-permalink=\"https:\/\/www.instagram.com\/p\/C5DibkfIZRT\/?utm_source=ig_embed&amp;utm_campaign=loading\" data-instgrm-version=\"14\">\n<div style=\"padding: 16px;\">\n<p>&nbsp;<\/p>\n<div style=\"display: flex; flex-direction: row; align-items: center;\">\n<div style=\"background-color: #f4f4f4; border-radius: 50%; flex-grow: 0; height: 40px; margin-right: 14px; width: 40px;\"><\/div>\n<div style=\"display: flex; flex-direction: column; flex-grow: 1; justify-content: center;\">\n<div style=\"background-color: #f4f4f4; border-radius: 4px; flex-grow: 0; height: 14px; margin-bottom: 6px; width: 100px;\"><\/div>\n<div style=\"background-color: #f4f4f4; border-radius: 4px; flex-grow: 0; height: 14px; width: 60px;\"><\/div>\n<\/div>\n<\/div>\n<div style=\"padding: 19% 0;\"><\/div>\n<div style=\"display: block; height: 50px; margin: 0 auto 12px; width: 50px;\"><\/div>\n<div style=\"padding-top: 8px;\">\n<div style=\"color: #3897f0; font-family: Arial,sans-serif; font-size: 14px; font-style: normal; font-weight: 550; line-height: 18px;\">Sieh dir diesen Beitrag auf Instagram an<\/div>\n<\/div>\n<div style=\"padding: 12.5% 0;\"><\/div>\n<div style=\"display: flex; flex-direction: row; margin-bottom: 14px; align-items: center;\">\n<div>\n<div style=\"background-color: #f4f4f4; border-radius: 50%; height: 12.5px; width: 12.5px; transform: translateX(0px) translateY(7px);\"><\/div>\n<div style=\"background-color: #f4f4f4; height: 12.5px; transform: rotate(-45deg) translateX(3px) translateY(1px); width: 12.5px; flex-grow: 0; margin-right: 14px; margin-left: 2px;\"><\/div>\n<div style=\"background-color: #f4f4f4; border-radius: 50%; height: 12.5px; width: 12.5px; transform: translateX(9px) translateY(-18px);\"><\/div>\n<\/div>\n<div style=\"margin-left: 8px;\">\n<div style=\"background-color: #f4f4f4; border-radius: 50%; flex-grow: 0; height: 20px; width: 20px;\"><\/div>\n<div style=\"width: 0; height: 0; border-top: 2px solid transparent; border-left: 6px solid #f4f4f4; border-bottom: 2px solid transparent; transform: translateX(16px) translateY(-4px) rotate(30deg);\"><\/div>\n<\/div>\n<div style=\"margin-left: auto;\">\n<div style=\"width: 0px; border-top: 8px solid #F4F4F4; border-right: 8px solid transparent; transform: translateY(16px);\"><\/div>\n<div style=\"background-color: #f4f4f4; flex-grow: 0; height: 12px; width: 16px; transform: translateY(-4px);\"><\/div>\n<div style=\"width: 0; height: 0; border-top: 8px solid #F4F4F4; border-left: 8px solid transparent; transform: translateY(-4px) translateX(8px);\"><\/div>\n<\/div>\n<\/div>\n<div style=\"display: flex; flex-direction: column; flex-grow: 1; justify-content: center; margin-bottom: 24px;\">\n<div style=\"background-color: #f4f4f4; border-radius: 4px; flex-grow: 0; height: 14px; margin-bottom: 6px; width: 224px;\"><\/div>\n<div style=\"background-color: #f4f4f4; border-radius: 4px; flex-grow: 0; height: 14px; width: 144px;\"><\/div>\n<\/div>\n<p>&nbsp;<\/p>\n<p style=\"color: #c9c8cd; font-family: Arial,sans-serif; font-size: 14px; line-height: 17px; margin-bottom: 0; margin-top: 8px; overflow: hidden; padding: 8px 0 7px; text-align: center; text-overflow: ellipsis; white-space: nowrap;\"><a style=\"color: #c9c8cd; font-family: Arial,sans-serif; font-size: 14px; font-style: normal; font-weight: normal; line-height: 17px; text-decoration: none;\" href=\"https:\/\/www.instagram.com\/p\/C5DibkfIZRT\/?utm_source=ig_embed&amp;utm_campaign=loading\" target=\"_blank\" rel=\"noopener\">Ein Beitrag geteilt von Johannes Kreidler (@johanneskreidler)<\/a><\/p>\n<\/div>\n<p><script async src=\"\/\/www.instagram.com\/embed.js\"><\/script><\/p><\/blockquote>\n","protected":false},"excerpt":{"rendered":"<p>KUNST DER KUNSTLEHRE Wie Komponieren unterrichtet wird Symposium Termin: 13.\/14. April 2024 Verantwortlich: Prof. Johannes Kreidler | johannes.kreidler@fhnw.ch W\u00e4hrend in Theater-, Literatur- und Kunstp\u00e4dagogik die Reflexion bez\u00fcglich des Unterrichts angehender RegisseurInnen, SchauspielerInnen, SchriftstellerInnen und K\u00fcnstlerInnen (und als solche selbst wiederum auch k\u00fcnftige Lehrende) weit entwickelt und niedergeschrieben ist, scheint sich im Bereich der Komposition Neuer [&hellip;]<\/p>\n","protected":false},"author":1,"featured_media":0,"comment_status":"open","ping_status":"open","sticky":false,"template":"","format":"standard","meta":{"_links_to":"","_links_to_target":"","footnotes":""},"categories":[3],"tags":[],"class_list":["post-26045","post","type-post","status-publish","format-standard","hentry","category-id"],"_links":{"self":[{"href":"https:\/\/www.kulturtechno.de\/index.php?rest_route=\/wp\/v2\/posts\/26045"}],"collection":[{"href":"https:\/\/www.kulturtechno.de\/index.php?rest_route=\/wp\/v2\/posts"}],"about":[{"href":"https:\/\/www.kulturtechno.de\/index.php?rest_route=\/wp\/v2\/types\/post"}],"author":[{"embeddable":true,"href":"https:\/\/www.kulturtechno.de\/index.php?rest_route=\/wp\/v2\/users\/1"}],"replies":[{"embeddable":true,"href":"https:\/\/www.kulturtechno.de\/index.php?rest_route=%2Fwp%2Fv2%2Fcomments&post=26045"}],"version-history":[{"count":6,"href":"https:\/\/www.kulturtechno.de\/index.php?rest_route=\/wp\/v2\/posts\/26045\/revisions"}],"predecessor-version":[{"id":26051,"href":"https:\/\/www.kulturtechno.de\/index.php?rest_route=\/wp\/v2\/posts\/26045\/revisions\/26051"}],"wp:attachment":[{"href":"https:\/\/www.kulturtechno.de\/index.php?rest_route=%2Fwp%2Fv2%2Fmedia&parent=26045"}],"wp:term":[{"taxonomy":"category","embeddable":true,"href":"https:\/\/www.kulturtechno.de\/index.php?rest_route=%2Fwp%2Fv2%2Fcategories&post=26045"},{"taxonomy":"post_tag","embeddable":true,"href":"https:\/\/www.kulturtechno.de\/index.php?rest_route=%2Fwp%2Fv2%2Ftags&post=26045"}],"curies":[{"name":"wp","href":"https:\/\/api.w.org\/{rel}","templated":true}]}}