{"id":25810,"date":"2023-12-31T05:51:13","date_gmt":"2023-12-31T03:51:13","guid":{"rendered":"http:\/\/www.kulturtechno.de\/?p=25810"},"modified":"2023-12-30T23:53:19","modified_gmt":"2023-12-30T21:53:19","slug":"knistern2023","status":"publish","type":"post","link":"https:\/\/www.kulturtechno.de\/?p=25810","title":{"rendered":"Knistern2023"},"content":{"rendered":"<p>Zum Jahresende sammle ich traditionell kleinere Arbeiten ein, dieses Jahr sind es <a href=\"https:\/\/soundcloud.com\/kreidler-1\/knistern2023\">zwei konzeptuelle St\u00fccke<\/a>; eines davon noch nicht aufgef\u00fchrt.<\/p>\n<p>Das andere war ein Auftrag des Westdeutschen Rundfunks f\u00fcr ein Radiofeature zum 100. Geburtstag des Radios in Deutschland; ausgestrahlt am 15.10.2023 auf WDR 3.<\/p>\n<p><iframe loading=\"lazy\" width=\"100%\" height=\"300\" scrolling=\"no\" frameborder=\"no\" allow=\"autoplay\" src=\"https:\/\/w.soundcloud.com\/player\/?url=https%3A\/\/api.soundcloud.com\/tracks\/1700891607&#038;color=%23ff5500&#038;auto_play=false&#038;hide_related=false&#038;show_comments=true&#038;show_user=true&#038;show_reposts=false&#038;show_teaser=true&#038;visual=true\"><\/iframe><\/p>\n<div style=\"font-size: 10px; color: #cccccc;line-break: anywhere;word-break: normal;overflow: hidden;white-space: nowrap;text-overflow: ellipsis; font-family: Interstate,Lucida Grande,Lucida Sans Unicode,Lucida Sans,Garuda,Verdana,Tahoma,sans-serif;font-weight: 100;\"><a href=\"https:\/\/soundcloud.com\/kreidler-1\" title=\"kreidler\" target=\"_blank\" style=\"color: #cccccc; text-decoration: none;\">kreidler<\/a> \u00b7 <a href=\"https:\/\/soundcloud.com\/kreidler-1\/knistern2023\" title=\"Knistern2023\" target=\"_blank\" style=\"color: #cccccc; text-decoration: none;\">Knistern2023<\/a><\/div>\n","protected":false},"excerpt":{"rendered":"<p>Zum Jahresende sammle ich traditionell kleinere Arbeiten ein, dieses Jahr sind es zwei konzeptuelle St\u00fccke; eines davon noch nicht aufgef\u00fchrt. Das andere war ein Auftrag des Westdeutschen Rundfunks f\u00fcr ein Radiofeature zum 100. Geburtstag des Radios in Deutschland; ausgestrahlt am 15.10.2023 auf WDR 3. kreidler \u00b7 Knistern2023<\/p>\n","protected":false},"author":1,"featured_media":0,"comment_status":"open","ping_status":"open","sticky":false,"template":"","format":"standard","meta":{"_links_to":"","_links_to_target":"","footnotes":""},"categories":[3],"tags":[],"class_list":["post-25810","post","type-post","status-publish","format-standard","hentry","category-id"],"_links":{"self":[{"href":"https:\/\/www.kulturtechno.de\/index.php?rest_route=\/wp\/v2\/posts\/25810"}],"collection":[{"href":"https:\/\/www.kulturtechno.de\/index.php?rest_route=\/wp\/v2\/posts"}],"about":[{"href":"https:\/\/www.kulturtechno.de\/index.php?rest_route=\/wp\/v2\/types\/post"}],"author":[{"embeddable":true,"href":"https:\/\/www.kulturtechno.de\/index.php?rest_route=\/wp\/v2\/users\/1"}],"replies":[{"embeddable":true,"href":"https:\/\/www.kulturtechno.de\/index.php?rest_route=%2Fwp%2Fv2%2Fcomments&post=25810"}],"version-history":[{"count":2,"href":"https:\/\/www.kulturtechno.de\/index.php?rest_route=\/wp\/v2\/posts\/25810\/revisions"}],"predecessor-version":[{"id":25812,"href":"https:\/\/www.kulturtechno.de\/index.php?rest_route=\/wp\/v2\/posts\/25810\/revisions\/25812"}],"wp:attachment":[{"href":"https:\/\/www.kulturtechno.de\/index.php?rest_route=%2Fwp%2Fv2%2Fmedia&parent=25810"}],"wp:term":[{"taxonomy":"category","embeddable":true,"href":"https:\/\/www.kulturtechno.de\/index.php?rest_route=%2Fwp%2Fv2%2Fcategories&post=25810"},{"taxonomy":"post_tag","embeddable":true,"href":"https:\/\/www.kulturtechno.de\/index.php?rest_route=%2Fwp%2Fv2%2Ftags&post=25810"}],"curies":[{"name":"wp","href":"https:\/\/api.w.org\/{rel}","templated":true}]}}