{"id":24531,"date":"2022-05-30T05:48:21","date_gmt":"2022-05-30T03:48:21","guid":{"rendered":"http:\/\/www.kulturtechno.de\/?p=24531"},"modified":"2022-05-28T20:00:32","modified_gmt":"2022-05-28T18:00:32","slug":"fremdarbeit-in-der-kunst-vor-gericht","status":"publish","type":"post","link":"https:\/\/www.kulturtechno.de\/?p=24531","title":{"rendered":">Fremdarbeit< in der Kunst vor Gericht"},"content":{"rendered":"<p>Interessanter Fall: Der Bildhauer, der f\u00fcr den Konzeptk\u00fcnstler Maurizio Cattelan einige Skulpturen geschaffen hat, klagt nun auf Beteiligung, aber auch prinzipiell um Anerkennung. Eine kleine Schockwelle geht durch die Kunstwelt, wenn nun alle AssistentInnen Anteile bei Kunstwerken geltend machen. Der Fall k\u00f6nnte Schule machen und zum Pr\u00e4zedenzfall werden.<br \/>\nIch begr\u00fc\u00dfe das. In <a href=\"http:\/\/www.kreidler-net.de\/fremdarbeit.html\">Fremdarbeit <\/a>ist diese Verh\u00e4ltnis von K\u00fcnstler zu Ausf\u00fchrenden, outgesourcter Arbeit Thema, einschlie\u00dflich der finanziellen Ungleichheit.<\/p>\n<p><a href=\"https:\/\/www.faz.net\/aktuell\/feuilleton\/kunstmarkt\/prozess-um-wachsfiguren-daniel-druet-verklagt-maurizio-cattelan-18048541.html\">https:\/\/www.faz.net\/aktuell\/feuilleton\/kunstmarkt\/prozess-um-wachsfiguren-daniel-druet-verklagt-maurizio-cattelan-18048541.html<\/a><\/p>\n","protected":false},"excerpt":{"rendered":"<p>Interessanter Fall: Der Bildhauer, der f\u00fcr den Konzeptk\u00fcnstler Maurizio Cattelan einige Skulpturen geschaffen hat, klagt nun auf Beteiligung, aber auch prinzipiell um Anerkennung. Eine kleine Schockwelle geht durch die Kunstwelt, wenn nun alle AssistentInnen Anteile bei Kunstwerken geltend machen. Der Fall k\u00f6nnte Schule machen und zum Pr\u00e4zedenzfall werden. Ich begr\u00fc\u00dfe das. In Fremdarbeit ist diese [&hellip;]<\/p>\n","protected":false},"author":1,"featured_media":0,"comment_status":"open","ping_status":"open","sticky":false,"template":"","format":"standard","meta":{"_links_to":"","_links_to_target":"","footnotes":""},"categories":[11,17],"tags":[],"class_list":["post-24531","post","type-post","status-publish","format-standard","hentry","category-kopierrecht","category-sonstiges"],"_links":{"self":[{"href":"https:\/\/www.kulturtechno.de\/index.php?rest_route=\/wp\/v2\/posts\/24531"}],"collection":[{"href":"https:\/\/www.kulturtechno.de\/index.php?rest_route=\/wp\/v2\/posts"}],"about":[{"href":"https:\/\/www.kulturtechno.de\/index.php?rest_route=\/wp\/v2\/types\/post"}],"author":[{"embeddable":true,"href":"https:\/\/www.kulturtechno.de\/index.php?rest_route=\/wp\/v2\/users\/1"}],"replies":[{"embeddable":true,"href":"https:\/\/www.kulturtechno.de\/index.php?rest_route=%2Fwp%2Fv2%2Fcomments&post=24531"}],"version-history":[{"count":1,"href":"https:\/\/www.kulturtechno.de\/index.php?rest_route=\/wp\/v2\/posts\/24531\/revisions"}],"predecessor-version":[{"id":24532,"href":"https:\/\/www.kulturtechno.de\/index.php?rest_route=\/wp\/v2\/posts\/24531\/revisions\/24532"}],"wp:attachment":[{"href":"https:\/\/www.kulturtechno.de\/index.php?rest_route=%2Fwp%2Fv2%2Fmedia&parent=24531"}],"wp:term":[{"taxonomy":"category","embeddable":true,"href":"https:\/\/www.kulturtechno.de\/index.php?rest_route=%2Fwp%2Fv2%2Fcategories&post=24531"},{"taxonomy":"post_tag","embeddable":true,"href":"https:\/\/www.kulturtechno.de\/index.php?rest_route=%2Fwp%2Fv2%2Ftags&post=24531"}],"curies":[{"name":"wp","href":"https:\/\/api.w.org\/{rel}","templated":true}]}}