{"id":24277,"date":"2022-02-07T05:55:12","date_gmt":"2022-02-07T03:55:12","guid":{"rendered":"http:\/\/www.kulturtechno.de\/?p=24277"},"modified":"2022-02-06T12:56:32","modified_gmt":"2022-02-06T10:56:32","slug":"klangwechsel-in-halberstadt","status":"publish","type":"post","link":"https:\/\/www.kulturtechno.de\/?p=24277","title":{"rendered":"Klangwechsel in Halberstadt"},"content":{"rendered":"<p>Wieder mal gab es einen Klangwechsel bei der l\u00e4ngsten Auff\u00fchrung von John Cages &#8222;As Slow As Possible&#8220;. Und das Ergebnis \u00fcberraschte selbst die Experten. Zufall eben.<\/p>\n<blockquote class=\"twitter-tweet\">\n<p lang=\"de\" dir=\"ltr\">Vor wenigen Minuten fand in Halberstadt der 15. Klangwechsel statt <a href=\"https:\/\/twitter.com\/hashtag\/JohnCage?src=hash&amp;ref_src=twsrc%5Etfw\">#JohnCage<\/a> <a href=\"https:\/\/twitter.com\/hashtag\/ORGAN2ASLSP?src=hash&amp;ref_src=twsrc%5Etfw\">#ORGAN2ASLSP<\/a> <a href=\"https:\/\/t.co\/lH8CERu4k1\">pic.twitter.com\/lH8CERu4k1<\/a><\/p>\n<p>&mdash; Scott H\u00fchnerkrisp (@ScHuehnerkrisp) <a href=\"https:\/\/twitter.com\/ScHuehnerkrisp\/status\/1489964223388131335?ref_src=twsrc%5Etfw\">February 5, 2022<\/a><\/p><\/blockquote>\n<p> <script async src=\"https:\/\/platform.twitter.com\/widgets.js\" charset=\"utf-8\"><\/script> <\/p>\n","protected":false},"excerpt":{"rendered":"<p>Wieder mal gab es einen Klangwechsel bei der l\u00e4ngsten Auff\u00fchrung von John Cages &#8222;As Slow As Possible&#8220;. Und das Ergebnis \u00fcberraschte selbst die Experten. Zufall eben. Vor wenigen Minuten fand in Halberstadt der 15. Klangwechsel statt #JohnCage #ORGAN2ASLSP pic.twitter.com\/lH8CERu4k1 &mdash; Scott H\u00fchnerkrisp (@ScHuehnerkrisp) February 5, 2022<\/p>\n","protected":false},"author":1,"featured_media":0,"comment_status":"open","ping_status":"open","sticky":false,"template":"","format":"standard","meta":{"_links_to":"","_links_to_target":"","footnotes":""},"categories":[4],"tags":[],"class_list":["post-24277","post","type-post","status-publish","format-standard","hentry","category-museum"],"_links":{"self":[{"href":"https:\/\/www.kulturtechno.de\/index.php?rest_route=\/wp\/v2\/posts\/24277"}],"collection":[{"href":"https:\/\/www.kulturtechno.de\/index.php?rest_route=\/wp\/v2\/posts"}],"about":[{"href":"https:\/\/www.kulturtechno.de\/index.php?rest_route=\/wp\/v2\/types\/post"}],"author":[{"embeddable":true,"href":"https:\/\/www.kulturtechno.de\/index.php?rest_route=\/wp\/v2\/users\/1"}],"replies":[{"embeddable":true,"href":"https:\/\/www.kulturtechno.de\/index.php?rest_route=%2Fwp%2Fv2%2Fcomments&post=24277"}],"version-history":[{"count":1,"href":"https:\/\/www.kulturtechno.de\/index.php?rest_route=\/wp\/v2\/posts\/24277\/revisions"}],"predecessor-version":[{"id":24278,"href":"https:\/\/www.kulturtechno.de\/index.php?rest_route=\/wp\/v2\/posts\/24277\/revisions\/24278"}],"wp:attachment":[{"href":"https:\/\/www.kulturtechno.de\/index.php?rest_route=%2Fwp%2Fv2%2Fmedia&parent=24277"}],"wp:term":[{"taxonomy":"category","embeddable":true,"href":"https:\/\/www.kulturtechno.de\/index.php?rest_route=%2Fwp%2Fv2%2Fcategories&post=24277"},{"taxonomy":"post_tag","embeddable":true,"href":"https:\/\/www.kulturtechno.de\/index.php?rest_route=%2Fwp%2Fv2%2Ftags&post=24277"}],"curies":[{"name":"wp","href":"https:\/\/api.w.org\/{rel}","templated":true}]}}