{"id":22551,"date":"2020-05-27T05:53:16","date_gmt":"2020-05-27T03:53:16","guid":{"rendered":"http:\/\/www.kulturtechno.de\/?p=22551"},"modified":"2020-05-24T10:54:08","modified_gmt":"2020-05-24T08:54:08","slug":"offener-brief-der-gesellschaft-fuer-neue-musik-gnm-senden-sie-mehr-musik-von-lebenden-komponistinnen-politik-und-kultur","status":"publish","type":"post","link":"https:\/\/www.kulturtechno.de\/?p=22551","title":{"rendered":"Offener Brief der Gesellschaft f\u00fcr Neue Musik (GNM): \u201eSenden Sie mehr Musik von lebenden Komponist*innen!\u201c Politik und Kultur"},"content":{"rendered":"<blockquote><p><strong>Offener Brief der Gesellschaft f\u00fcr Neue Musik (<span class=\"caps\">GNM<\/span>) an die Intendant*innen, H\u00f6rfunkdirektor*innen\/Programmdirektor*innen und Wellenchef*innen\/Kulturchef*innen der \u00f6ffentlich-rechtlichen\u00a0Rundfunkanstalten <\/strong><\/p>\n<p>&nbsp;<\/p>\n<p>Sehr geehrte Damen und\u00a0Herren,<\/p>\n<p>die Corona-Krise hat die Musikszene \u2013 insbesondere den Bereich der \u201eLive-Konzerte\u201c \u2013 in be\u00adsonderem Ma\u00dfe getroffen. Konzerte geh\u00f6rten zu den ersten \u00f6ffentlichen Veranstaltungen, die aufgrund der Ma\u00dfnahmen zur Eind\u00e4mmung der Corona-Pandemie untersagt wurden, und sie werden \u2013 so scheint es \u2013 zu den letzten geh\u00f6ren, bei denen die Verbote wieder gelockert bzw. aufgehoben\u00a0werden.<\/p>\n<p>Insofern kommt den Rundfunkanstalten in Deutschland derzeit eine ganz besondere Verantwor\u00adtung f\u00fcr die Kultur zu, da das (analoge wie digitale) Senden von Musik derzeit der einzige Ort ist, an dem Musik noch pr\u00e4sentiert werden kann. Diese besondere Verantwortung f\u00fcr die Kultur haben alle Rundfunksender schon zu Beginn der Corona-Beschr\u00e4nkungen schnell wahrgenommen und teilweise vorbildlich umgesetzt. Hierf\u00fcr gilt Ihnen allen unser gr\u00f6\u00dfter\u00a0Dank!<\/p>\n<p>Die Gesellschaft f\u00fcr Neue Musik (<span class=\"caps\">GNM<\/span>) \u2013 Sektion Bundesrepublik Deutschland der Internationalen Ge\u00adsellschaft f\u00fcr Neue Musik (<span class=\"caps\">IGNM<\/span>) \u2013 ist als Dachverband von 12 Regionalgesellschaften der Neuen Musik sowie mit weiteren \u00fcber 300 Einzelmitgliedern und etwa 50 institutionellen Mitglie\u00addern aus allen Bereichen des Musiklebens die wichtigste Interessenvertretung der zeitgen\u00f6ssi\u00adschen Musik in\u00a0Deutschland.<\/p>\n<p>Wir sehen aktuell die Notwendigkeit, dass die \u00f6ffentlich-rechtlichen Rundfunkanstalten ihre Ver\u00adantwortung f\u00fcr die Kultur ausweiten auf eine Verantwortung auch f\u00fcr die Kulturschaffenden! Denn so bedauerlich es ist, dass die Musik von Beethoven, Mozart, Strauss oder Ligeti momentan nicht in Konzerten erklingen kann, trifft das die genannten Komponisten nat\u00fcrlich nicht mehr direkt. Einschneidend und existenzgef\u00e4hrdend sind die Ma\u00dfnahmen jedoch f\u00fcr diejenigen, die als aktuell schaffende Komponist*innen und Interpret*innen davon selbst ganz unmittelbar betroffen\u00a0sind.<\/p>\n<p>Aus diesem Grunde fordern wir Sie\u00a0auf:<\/p>\n<p><strong>Senden Sie mehr Musik von lebenden\u00a0Komponist*innen! <\/strong><\/p>\n<p>Die Archive der Sender sind gef\u00fcllt mit gro\u00dfartigen Aufnahmen \u2013 Livemitschnitten der Rundfunk\u00adsender, <span class=\"caps\">CD<\/span>-Produktionen und vielem mehr \u2013, deren Ausstrahlung gerade auch au\u00dferhalb der f\u00fcr die \u201eNeue Musik\u201c vorgesehenen Sendepl\u00e4tze den Kulturschaffenden eine Plattform und \u00d6ffentlich\u00adkeit bieten k\u00f6nnte, die ihnen derzeit im Live-Bereich so schmerzhaft entzogen\u00a0wurde.<\/p>\n<p><strong>Nutzen Sie Ihre Infrastruktur, um der Freien Musikszene ein Forum zu\u00a0bieten!<\/strong><\/p>\n<p>\u00dcberall in Deutschland sind die Musiker*innen und Ensembles der Neuen Musik dabei, mit Live-Streams von \u201eGeisterkonzerten\u201c, aber auch mit vielen \u00e4u\u00dferst kreativen neuen Formen der media\u00adlen Vermittlung zeitgen\u00f6ssischer Musik, die inhaltliche L\u00fccke, die das Untersagen aller \u00f6ffentlicher Konzerte bedeutet, zumindest ein wenig zu kompensieren. Nutzen Sie dieses kreative Potenzial, indem Sie die Ensembles in Ihre Studios einladen, um die Ergebnisse professionell zu produzie\u00adren! Oder schicken Sie Ihre \u00dc-Wagen, gezielt zu den Ensembles und Veranstaltern aus der Freien Szene, um mit Mitschnitten deren aktuelle Arbeit in Corona-Zeiten professionell zu dokumentieren und zu\u00a0senden!<\/p>\n<p>Wenn lebende Komponist*innen \u2013 insbesondere diejenigen der j\u00fcngeren und mittleren Generation \u2013 jetzt ein halbes Jahr (oder mehr?) die Pr\u00e4sentation ihrer Arbeit genommen wird, wenn Musi\u00adker*in\u00adnen und Ensembles der Freien Szene, die keinen Anspruch auf Kurzarbeitergeld haben, die M\u00f6glichkeit genommen wird, ihre Arbeit zu pr\u00e4sentieren, dann sind die mittel- wie langfristigen Folgen\u00a0unabsehbar.<\/p>\n<p><strong>Nehmen Sie die Verantwortung an! Fokussieren Sie ihren Kulturauftrag auch auf die Kultur\u00adschaffenden! Legen Sie Ihren Fokus auf die Produktion und Ausstrahlung der Arbeit von lebenden Komponist*innen und von Musiker*innen und Ensembles der Freien\u00a0Szene! <\/strong><\/p>\n<p>Sie haben die M\u00f6glichkeit, hier zumindest einen Teil der \u00d6ffentlichkeit wieder herzustellen, die diesen Gruppen durch die Veranstaltungsverbote entzogen wurde, und so dazu beizutragen, dass die Kultur auch nach \u201eCorona\u201c noch so vielf\u00e4ltig, innovative und aufregend ist, wie wir alle es w\u00fcnschen. Nutzen Sie\u00a0sie!<\/p>\n<p>Mit freundlichen Gr\u00fc\u00dfen<br \/>\nJulia Cloot, Pr\u00e4sidentin der Gesellschaft f\u00fcr Neue Musik f\u00fcr den\u00a0Vorstand<\/p><\/blockquote>\n<p>(via <a href=\"https:\/\/www.nmz.de\/kiz\/nachrichten\/offener-brief-der-gesellschaft-fuer-neue-musik-gnm-senden-sie-mehr-musik-von-lebende?fbclid=IwAR1eZz4OiRcJpS0axX2QUcCxl7xt1iJxxm0IyzkFM0Ue_jrJaUyHlzJO_mA\">NMZ<\/a>)<\/p>\n","protected":false},"excerpt":{"rendered":"<p>Offener Brief der Gesellschaft f\u00fcr Neue Musik (GNM) an die Intendant*innen, H\u00f6rfunkdirektor*innen\/Programmdirektor*innen und Wellenchef*innen\/Kulturchef*innen der \u00f6ffentlich-rechtlichen\u00a0Rundfunkanstalten &nbsp; Sehr geehrte Damen und\u00a0Herren, die Corona-Krise hat die Musikszene \u2013 insbesondere den Bereich der \u201eLive-Konzerte\u201c \u2013 in be\u00adsonderem Ma\u00dfe getroffen. Konzerte geh\u00f6rten zu den ersten \u00f6ffentlichen Veranstaltungen, die aufgrund der Ma\u00dfnahmen zur Eind\u00e4mmung der Corona-Pandemie untersagt wurden, und [&hellip;]<\/p>\n","protected":false},"author":1,"featured_media":0,"comment_status":"open","ping_status":"open","sticky":false,"template":"","format":"standard","meta":{"_links_to":"","_links_to_target":"","footnotes":""},"categories":[15],"tags":[],"class_list":["post-22551","post","type-post","status-publish","format-standard","hentry","category-kritik-der-reinen-vernunft"],"_links":{"self":[{"href":"https:\/\/www.kulturtechno.de\/index.php?rest_route=\/wp\/v2\/posts\/22551"}],"collection":[{"href":"https:\/\/www.kulturtechno.de\/index.php?rest_route=\/wp\/v2\/posts"}],"about":[{"href":"https:\/\/www.kulturtechno.de\/index.php?rest_route=\/wp\/v2\/types\/post"}],"author":[{"embeddable":true,"href":"https:\/\/www.kulturtechno.de\/index.php?rest_route=\/wp\/v2\/users\/1"}],"replies":[{"embeddable":true,"href":"https:\/\/www.kulturtechno.de\/index.php?rest_route=%2Fwp%2Fv2%2Fcomments&post=22551"}],"version-history":[{"count":1,"href":"https:\/\/www.kulturtechno.de\/index.php?rest_route=\/wp\/v2\/posts\/22551\/revisions"}],"predecessor-version":[{"id":22552,"href":"https:\/\/www.kulturtechno.de\/index.php?rest_route=\/wp\/v2\/posts\/22551\/revisions\/22552"}],"wp:attachment":[{"href":"https:\/\/www.kulturtechno.de\/index.php?rest_route=%2Fwp%2Fv2%2Fmedia&parent=22551"}],"wp:term":[{"taxonomy":"category","embeddable":true,"href":"https:\/\/www.kulturtechno.de\/index.php?rest_route=%2Fwp%2Fv2%2Fcategories&post=22551"},{"taxonomy":"post_tag","embeddable":true,"href":"https:\/\/www.kulturtechno.de\/index.php?rest_route=%2Fwp%2Fv2%2Ftags&post=22551"}],"curies":[{"name":"wp","href":"https:\/\/api.w.org\/{rel}","templated":true}]}}