{"id":22090,"date":"2019-12-15T05:39:29","date_gmt":"2019-12-15T03:39:29","guid":{"rendered":"http:\/\/www.kulturtechno.de\/?p=22090"},"modified":"2019-12-14T12:02:27","modified_gmt":"2019-12-14T10:02:27","slug":"links-in-eigener-sache-11","status":"publish","type":"post","link":"https:\/\/www.kulturtechno.de\/?p=22090","title":{"rendered":"Links in eigener Sache"},"content":{"rendered":"<p>-Auf SWR2 kam ein kleines <a href=\"https:\/\/www.swr.de\/swr2\/musik-klassik\/Johannes-Kreidler-Enfant-Terrible-der-Neuen-Musik-Philharmonien-sind-heute-Altersheime,philharmonien-sind-heute-altersheime-johannes-kreidler-ist-das-enfant-terrible-der-neuen-musik-100.html\">Radioportrait <\/a>\u00fcber mich von Bernd K\u00fcnzig anl\u00e4sslich des &#8222;ZeitGenuss&#8220;-Portraitfestivals in Karlsruhe<br \/>\n-Der &#8222;Junge Kanal&#8220; Karlsruhe hat aus selbigem Anlass ein <a href=\"https:\/\/www.jungerkulturkanal.de\/thema\/es-ist-nun-mal-so-dass-das-ganze-leben-der-kunst-gewidmet-wird-gespraechssendung-mit-johannes-kreidler-1266\/\">l\u00e4ngeres Radiogespr\u00e4ch \/ Portrait<\/a> mit mir gef\u00fchrt, von Janina Heinle<br \/>\n-Und noch mal aus diesem Anlass, ein <a href=\"https:\/\/bnn.de\/nachrichten\/kultur\/wie-man-beethoven-schrumpft\">Portrait <\/a>in den Badischen Neuesten Nachrichten, von Isabel Steppeler<br \/>\n-Dejana Sekulic hat etwas \u00fcber die Karlsruhe Ausstellung <a href=\"https:\/\/www.curiousspeckle.net\/2019\/10\/29\/when-the-canvas-sounds\/\">gebloggt<\/a><br \/>\n-Auf HR2 kam im Sommer eine <a href=\"https:\/\/radio.friendsofalan.de\/schnippeln-kleben-kleistern-musikalische-collagen-von-mauricio-kagel-john-cage-luciano-berio-und-johannes-kreidler\/\">Radiosendung <\/a>von Adele Jakumeit \u00fcber musikalische Collagen, darin Statements und Musik von mir<br \/>\n-Jan Reichow <a href=\"http:\/\/s128739886.online.de\/konzepte\/\">bloggt <\/a>\u00fcber die Einspielung meiner Klaviermusik durch Martin Tchiba<br \/>\n-Neulich in der TAZ:<br \/>\n<img loading=\"lazy\" decoding=\"async\" src=\"https:\/\/scontent.ftxl3-2.fna.fbcdn.net\/v\/t1.0-9\/73352318_1254132684784346_6909436841103982592_o.jpg?_nc_cat=106&#038;_nc_ohc=7IImAxQrwyoAQkZesfrYQ6Lq90_gLZDK7lx8GGm2zvtfSrMVtKAjVdvZQ&#038;_nc_ht=scontent.ftxl3-2.fna&#038;oh=7305572acaf9d241b61c73a7119f6c2d&#038;oe=5E7EE2DA\" alt=\"\" width=\"500\" height=\"375\" \/><\/p>\n","protected":false},"excerpt":{"rendered":"<p>-Auf SWR2 kam ein kleines Radioportrait \u00fcber mich von Bernd K\u00fcnzig anl\u00e4sslich des &#8222;ZeitGenuss&#8220;-Portraitfestivals in Karlsruhe -Der &#8222;Junge Kanal&#8220; Karlsruhe hat aus selbigem Anlass ein l\u00e4ngeres Radiogespr\u00e4ch \/ Portrait mit mir gef\u00fchrt, von Janina Heinle -Und noch mal aus diesem Anlass, ein Portrait in den Badischen Neuesten Nachrichten, von Isabel Steppeler -Dejana Sekulic hat etwas [&hellip;]<\/p>\n","protected":false},"author":1,"featured_media":0,"comment_status":"open","ping_status":"open","sticky":false,"template":"","format":"standard","meta":{"_links_to":"","_links_to_target":"","footnotes":""},"categories":[3],"tags":[],"class_list":["post-22090","post","type-post","status-publish","format-standard","hentry","category-id"],"_links":{"self":[{"href":"https:\/\/www.kulturtechno.de\/index.php?rest_route=\/wp\/v2\/posts\/22090"}],"collection":[{"href":"https:\/\/www.kulturtechno.de\/index.php?rest_route=\/wp\/v2\/posts"}],"about":[{"href":"https:\/\/www.kulturtechno.de\/index.php?rest_route=\/wp\/v2\/types\/post"}],"author":[{"embeddable":true,"href":"https:\/\/www.kulturtechno.de\/index.php?rest_route=\/wp\/v2\/users\/1"}],"replies":[{"embeddable":true,"href":"https:\/\/www.kulturtechno.de\/index.php?rest_route=%2Fwp%2Fv2%2Fcomments&post=22090"}],"version-history":[{"count":4,"href":"https:\/\/www.kulturtechno.de\/index.php?rest_route=\/wp\/v2\/posts\/22090\/revisions"}],"predecessor-version":[{"id":22100,"href":"https:\/\/www.kulturtechno.de\/index.php?rest_route=\/wp\/v2\/posts\/22090\/revisions\/22100"}],"wp:attachment":[{"href":"https:\/\/www.kulturtechno.de\/index.php?rest_route=%2Fwp%2Fv2%2Fmedia&parent=22090"}],"wp:term":[{"taxonomy":"category","embeddable":true,"href":"https:\/\/www.kulturtechno.de\/index.php?rest_route=%2Fwp%2Fv2%2Fcategories&post=22090"},{"taxonomy":"post_tag","embeddable":true,"href":"https:\/\/www.kulturtechno.de\/index.php?rest_route=%2Fwp%2Fv2%2Ftags&post=22090"}],"curies":[{"name":"wp","href":"https:\/\/api.w.org\/{rel}","templated":true}]}}