{"id":21264,"date":"2019-04-18T05:57:15","date_gmt":"2019-04-18T03:57:15","guid":{"rendered":"http:\/\/www.kulturtechno.de\/?p=21264"},"modified":"2019-04-14T17:09:30","modified_gmt":"2019-04-14T15:09:30","slug":"nina-noeskes-text-uber-selbst-reflexion-in-der-gegenwartsmusik","status":"publish","type":"post","link":"https:\/\/www.kulturtechno.de\/?p=21264","title":{"rendered":"Links in eigener Sache"},"content":{"rendered":"<p>-Harry Lehamnn hat einen Vortrag \u00fcber Konzeptmusik gehalten, darin kommt auch meine Arbeit vor<br \/>\n<iframe loading=\"lazy\" width=\"500\" height=\"281\" src=\"https:\/\/www.youtube.com\/embed\/CegV_YuccQ4\" frameborder=\"0\" allow=\"accelerometer; autoplay; encrypted-media; gyroscope; picture-in-picture\" allowfullscreen><\/iframe><\/p>\n<p>(<a href=\"https:\/\/youtu.be\/F7EGpa2hDmQ\">hier <\/a>der Vortrag auf englisch)<\/p>\n<p>-Sandy Podlasly hatte mich letztes Jahr in Halle bei einem Nachgespr\u00e4ch von <a href=\"http:\/\/www.kreidler-net.de\/werke\/staat.htm\">Mein Staat als Freund und Geliebte<\/a> mit einem ulkigen Bild beschenkt, das offenbar immer noch im Hallischen Operncaf\u00e9 h\u00e4ngt.<br \/>\n<a href=\"https:\/\/scontent-ber1-1.xx.fbcdn.net\/v\/t1.15752-0\/p480x480\/42778465_1383871855081307_5214580881393451008_n.jpg?_nc_cat=103&#038;_nc_ht=scontent-ber1-1.xx&#038;oh=c679259f60e16b371e7575fa1239aa63&#038;oe=5CCAA125\"><img loading=\"lazy\" decoding=\"async\" alt=\"\" src=\"https:\/\/scontent-ber1-1.xx.fbcdn.net\/v\/t1.15752-0\/p480x480\/42778465_1383871855081307_5214580881393451008_n.jpg?_nc_cat=103&#038;_nc_ht=scontent-ber1-1.xx&#038;oh=c679259f60e16b371e7575fa1239aa63&#038;oe=5CCAA125\" class=\"alignnone\" width=\"500\" height=\"375\" \/><\/a><\/p>\n<p>-Die <a href=\"https:\/\/www.youtube.com\/channel\/UC8mlAQy1gtuMgft4UblLSpQ?fbclid=IwAR1ClO1ezlwwdNmRaq6rjoD1MiDXclFaNPBqdYb2ovoY1qKVa3AyHtIwpPI\">Klangwerkstatt Berlin<\/a> hat jetzt einen eigenen YouTube-Kanal, auf dem sie Videos von ihren Konzerten sammelt, darin auch Dokumente meiner Beteiligungen an dem sch\u00f6nen Festival.<\/p>\n<p>-Im Januar wurden in Essen meine <a href=\"http:\/\/www.kreidler-net.de\/werke\/2konzeptuelle-stuecke2017.htm\">Toccatas f\u00fcr Orgel<\/a> von Matthias Geuting uraufgef\u00fchrt<\/p>\n<blockquote class=\"instagram-media\" data-instgrm-captioned data-instgrm-permalink=\"https:\/\/www.instagram.com\/p\/BtBtLerA8Fj\/?utm_source=ig_embed&amp;utm_medium=loading&amp;utm_campaign=embed_loading_state_control\" data-instgrm-version=\"9\" style=\" background:#FFF; border:0; border-radius:3px; box-shadow:0 0 1px 0 rgba(0,0,0,0.5),0 1px 10px 0 rgba(0,0,0,0.15); margin: 1px; max-width:540px; min-width:326px; padding:0; width:99.375%; width:-webkit-calc(100% - 2px); width:calc(100% - 2px);\">\n<div style=\"padding:8px;\">\n<div style=\" background:#F8F8F8; line-height:0; margin-top:40px; padding:62.5% 0; text-align:center; width:100%;\">\n<div style=\" background:url(data:image\/png;base64,iVBORw0KGgoAAAANSUhEUgAAACwAAAAsCAMAAAApWqozAAAABGdBTUEAALGPC\/xhBQAAAAFzUkdCAK7OHOkAAAAMUExURczMzPf399fX1+bm5mzY9AMAAADiSURBVDjLvZXbEsMgCES5\/P8\/t9FuRVCRmU73JWlzosgSIIZURCjo\/ad+EQJJB4Hv8BFt+IDpQoCx1wjOSBFhh2XssxEIYn3ulI\/6MNReE07UIWJEv8UEOWDS88LY97kqyTliJKKtuYBbruAyVh5wOHiXmpi5we58Ek028czwyuQdLKPG1Bkb4NnM+VeAnfHqn1k4+GPT6uGQcvu2h2OVuIf\/gWUFyy8OWEpdyZSa3aVCqpVoVvzZZ2VTnn2wU8qzVjDDetO90GSy9mVLqtgYSy231MxrY6I2gGqjrTY0L8fxCxfCBbhWrsYYAAAAAElFTkSuQmCC); display:block; height:44px; margin:0 auto -44px; position:relative; top:-22px; width:44px;\"><\/div>\n<\/div>\n<p style=\" margin:8px 0 0 0; padding:0 4px;\"> <a href=\"https:\/\/www.instagram.com\/p\/BtBtLerA8Fj\/?utm_source=ig_embed&amp;utm_medium=loading&amp;utm_campaign=embed_loading_state_control\" style=\" color:#000; font-family:Arial,sans-serif; font-size:14px; font-style:normal; font-weight:normal; line-height:17px; text-decoration:none; word-wrap:break-word;\" target=\"_blank\">Toccatas for Organ (2017) #organmusic #neworganmusic #conceptualmusic #johanneskreidler #matthiasgeuting  http:\/\/www.kreidler-net.de\/werke\/2konzeptuelle-stuecke2017.htm<\/a><\/p>\n<p style=\" color:#c9c8cd; font-family:Arial,sans-serif; font-size:14px; line-height:17px; margin-bottom:0; margin-top:8px; overflow:hidden; padding:8px 0 7px; text-align:center; text-overflow:ellipsis; white-space:nowrap;\">Ein Beitrag geteilt von <a href=\"https:\/\/www.instagram.com\/johanneskreidler\/?utm_source=ig_embed&amp;utm_medium=loading&amp;utm_campaign=embed_loading_state_control\" style=\" color:#c9c8cd; font-family:Arial,sans-serif; font-size:14px; font-style:normal; font-weight:normal; line-height:17px;\" target=\"_blank\"> Johannes Kreidler<\/a> (@johanneskreidler) am <time style=\" font-family:Arial,sans-serif; font-size:14px; line-height:17px;\" datetime=\"2019-01-24T18:03:00+00:00\">Jan 24, 2019 um 10:03 PST<\/time><\/p>\n<\/div>\n<\/blockquote>\n<p><script async src=\"\/\/www.instagram.com\/embed.js\"><\/script><\/p>\n<p>-Das Australische Festival Liquid Architecture, bei dem ich 2014 und 2016 zu Gast war, hat eine K\u00fcnstlerseite von mir <a href=\"https:\/\/liquidarchitecture.org.au\/artists\/johannes-kreidler\">erstellt<\/a>.<\/p>\n<p>-In der NMZ <a href=\"https:\/\/www.nmz.de\/artikel\/eine-fremde-und-seltsame-welt\">bespricht <\/a>Dirk Wieschollek die neue DEGEM-Cd &#8222;<a href=\"https:\/\/www.degem.de\/cds-dvds\/drop-the-beat\/?fbclid=IwAR03i1t_D66T2GO_cpCwMK6e1jWZhrysPFad9gvouqY5OlHdXqKUKmvi_4M\">Drop the Beat<\/a>&#8222;, darunter auch mein Konzeptst\u00fcck &#8222;Ferneyhough&#8217;s 2nd string quartet, rendered with Band-in-a-Box&#8220;.<\/p>\n<p>-Stefan Hetzel hat mein Glissandofl\u00f6tenst\u00fcck <a href=\"https:\/\/stefanhetzel.wordpress.com\/2019\/03\/02\/johannes-kreidler-rationalization-irrationalization\/\">gebloggt<\/a>:<\/p>\n<blockquote><p>Bei dieser Komposition denke ich nicht an \u201eerweiterte Spieltechniken\u201c \u00e0 la Lachenmann, denn es geht hier in keinster Weise um irgendeine Entlarvung irgendeines \u00fcberkommenen \u00e4sthetischen Apparats. Die Glissandofl\u00f6te ist vielmehr Trigger nicht-musikalischer (hier: visueller) Events, sie dirigiert eine strukturierte Abfolge von Bildern und Clips. Diese wiederum m\u00f6gen dem unerfahrenen Auge zun\u00e4chst ein wenig kryptisch, aber jedenfalls nicht willk\u00fcrlich erscheinen.<br \/>\nJe l\u00e4nger man hinh\u00f6rt und -schaut, desto st\u00e4rker erschlie\u00dfen sich einem jedoch die aufkl\u00e4rerischen Absichten des Komponisten: Es geht um die Darstellung von universellen \u201eSch\u00f6nheitslinien\u201c im Sinn von Hogarths The Analysis of Beauty.<\/p><\/blockquote>\n<p>-Hristina Susak hat in ihrer Diplomarbeit &#8222;Methoden und Prozesse der Analyse allgemein und in Musik und Konzeptkunst (Performance)&#8220; ausf\u00fchrlich mein St\u00fcck <a href=\"http:\/\/www.kreidler-net.de\/werke\/instrism.htm\">Instrumentalisms C<\/a> analysiert.<\/p>\n<p>-Christian Gr\u00fcny hat in der Neuen Zeitschrift f\u00fcr Musik wieder etwas zur Debatte um den Musikbegriff beigetragen &#8211; &#8222;<a href=\"https:\/\/musikderzeit.de\/artikel\/wider-die-verengung\/\">Wider die Verengung. Die umgekehrte Perspektive auf den Musikbegriff<\/a>&#8222;. Der Text nimmt auch Bezug auf meinen Text &#8222;Der erweiterte Musikbegriff&#8220;.<\/p>\n<p>-Nina Noeske hat f\u00fcr die Positionen, die seit dieser <a href=\"https:\/\/www.positionen.berlin\/vorherige-ausgabe\">Ausgabe <\/a>von einem neuen, jungen Team herausgegeben werden, einen sch\u00f6nen Text (nach einem Vortrag in Luxemburg beim Rainy Days Festival 2018) \u00fcber &#8222;(Selbst-)Reflexion in der Gegenwartsmusik &#8211; mit einigen Notizen zum Thema >Gender<\" geschrieben. Darin auch Betrachtungen zu meinen Musiktheaterarbeiten, bspw. <a href=\"http:\/\/www.kreidler-net.de\/werke\/audioguide.htm\">Audioguide <\/a>&#8211;<\/p>\n<blockquote><p>Aufgenommen und neu \u00bbkomponiert\u00ab bzw. in Szene gesetzt werden u.a. Debatten \u00fcber die Digitalisierung (als Teil der Voraussetzungen, unter denen das Werk \u00fcberhaupt zustande kam), aber auch eine Face-book-Diskussion von 2012 wird zitiert und, wiederum, inszeniert. In jener Diskussion ging es nicht zuletzt um den Komponisten selbst, der nicht davor zur\u00fcckscheut, sich in seinem Werk als Teil einer Profilierungsmaschinerie zur Schau zu stellen. Dass all dies in Johann Sebastian Bachs Choral Oh Haupt voll Blut und Wunden m\u00fcndet, ist nicht ohne Selbstironie.<\/p><\/blockquote>\n<p>-Und dann war da noch diese Formulierung in der Zeitschrift Musik &#038; \u00c4sthetik, um deren Niveau man sich mittlerweile ernsthafte Sorgen machen muss&#8230;<br \/>\n<a href=\"https:\/\/scontent-ber1-1.xx.fbcdn.net\/v\/t1.0-9\/56270042_10219796240563488_6864357160717910016_o.jpg?_nc_cat=110&#038;_nc_ht=scontent-ber1-1.xx&#038;oh=11d3f667e8a7131480bd1f66a8c1efa0&#038;oe=5D452073\"><img loading=\"lazy\" decoding=\"async\" alt=\"\" src=\"https:\/\/scontent-ber1-1.xx.fbcdn.net\/v\/t1.0-9\/56270042_10219796240563488_6864357160717910016_o.jpg?_nc_cat=110&#038;_nc_ht=scontent-ber1-1.xx&#038;oh=11d3f667e8a7131480bd1f66a8c1efa0&#038;oe=5D452073\" class=\"alignnone\" width=\"500\" height=\"61\" \/><\/a><\/p>\n<p>(aus: Cosimo Mario Schmidt, <a href=\"https:\/\/www.musikundaesthetik.de\/article\/mu_2019_01_0028-0041_0028_01\">Zum Problem des Klanges in der Musik und seiner Fetischisierung<\/a>; Musik &#038; \u00c4sthetik 89)<\/p>\n","protected":false},"excerpt":{"rendered":"<p>-Harry Lehamnn hat einen Vortrag \u00fcber Konzeptmusik gehalten, darin kommt auch meine Arbeit vor (hier der Vortrag auf englisch) -Sandy Podlasly hatte mich letztes Jahr in Halle bei einem Nachgespr\u00e4ch von Mein Staat als Freund und Geliebte mit einem ulkigen Bild beschenkt, das offenbar immer noch im Hallischen Operncaf\u00e9 h\u00e4ngt. -Die Klangwerkstatt Berlin hat jetzt [&hellip;]<\/p>\n","protected":false},"author":1,"featured_media":0,"comment_status":"open","ping_status":"open","sticky":false,"template":"","format":"standard","meta":{"_links_to":"","_links_to_target":"","footnotes":""},"categories":[3],"tags":[],"class_list":["post-21264","post","type-post","status-publish","format-standard","hentry","category-id"],"_links":{"self":[{"href":"https:\/\/www.kulturtechno.de\/index.php?rest_route=\/wp\/v2\/posts\/21264"}],"collection":[{"href":"https:\/\/www.kulturtechno.de\/index.php?rest_route=\/wp\/v2\/posts"}],"about":[{"href":"https:\/\/www.kulturtechno.de\/index.php?rest_route=\/wp\/v2\/types\/post"}],"author":[{"embeddable":true,"href":"https:\/\/www.kulturtechno.de\/index.php?rest_route=\/wp\/v2\/users\/1"}],"replies":[{"embeddable":true,"href":"https:\/\/www.kulturtechno.de\/index.php?rest_route=%2Fwp%2Fv2%2Fcomments&post=21264"}],"version-history":[{"count":8,"href":"https:\/\/www.kulturtechno.de\/index.php?rest_route=\/wp\/v2\/posts\/21264\/revisions"}],"predecessor-version":[{"id":21266,"href":"https:\/\/www.kulturtechno.de\/index.php?rest_route=\/wp\/v2\/posts\/21264\/revisions\/21266"}],"wp:attachment":[{"href":"https:\/\/www.kulturtechno.de\/index.php?rest_route=%2Fwp%2Fv2%2Fmedia&parent=21264"}],"wp:term":[{"taxonomy":"category","embeddable":true,"href":"https:\/\/www.kulturtechno.de\/index.php?rest_route=%2Fwp%2Fv2%2Fcategories&post=21264"},{"taxonomy":"post_tag","embeddable":true,"href":"https:\/\/www.kulturtechno.de\/index.php?rest_route=%2Fwp%2Fv2%2Ftags&post=21264"}],"curies":[{"name":"wp","href":"https:\/\/api.w.org\/{rel}","templated":true}]}}