{"id":19769,"date":"2018-01-15T05:09:11","date_gmt":"2018-01-15T03:09:11","guid":{"rendered":"http:\/\/www.kulturtechno.de\/?p=19769"},"modified":"2018-01-14T22:11:46","modified_gmt":"2018-01-14T20:11:46","slug":"lachenmanns-marche-fatale","status":"publish","type":"post","link":"https:\/\/www.kulturtechno.de\/?p=19769","title":{"rendered":"Lachenmanns &#8222;Marche fatale&#8220;"},"content":{"rendered":"<p>Bemerkenswert, die konzeptuelle Wende. Wenn ich auch finde, dass das Werk \u00e4sthetisch auf dem Stand von 1919 ist, wenn \u00fcberhaupt &#8211; Ravels <a href=\"https:\/\/www.youtube.com\/watch?v=Fg2i2NB-i3o\">La Valse<\/a> finde ich abgr\u00fcndiger als Lachenmanns pfiffige Kontrapunkte.<\/p>\n<p><iframe loading=\"lazy\" width=\"500\" height=\"281\" src=\"https:\/\/www.youtube.com\/embed\/u-gI9u-bjHo\" frameborder=\"0\" allow=\"autoplay; encrypted-media\" allowfullscreen><\/iframe><\/p>\n","protected":false},"excerpt":{"rendered":"<p>Bemerkenswert, die konzeptuelle Wende. Wenn ich auch finde, dass das Werk \u00e4sthetisch auf dem Stand von 1919 ist, wenn \u00fcberhaupt &#8211; Ravels La Valse finde ich abgr\u00fcndiger als Lachenmanns pfiffige Kontrapunkte.<\/p>\n","protected":false},"author":1,"featured_media":0,"comment_status":"open","ping_status":"open","sticky":false,"template":"","format":"standard","meta":{"_links_to":"","_links_to_target":"","footnotes":""},"categories":[4],"tags":[],"class_list":["post-19769","post","type-post","status-publish","format-standard","hentry","category-museum"],"_links":{"self":[{"href":"https:\/\/www.kulturtechno.de\/index.php?rest_route=\/wp\/v2\/posts\/19769"}],"collection":[{"href":"https:\/\/www.kulturtechno.de\/index.php?rest_route=\/wp\/v2\/posts"}],"about":[{"href":"https:\/\/www.kulturtechno.de\/index.php?rest_route=\/wp\/v2\/types\/post"}],"author":[{"embeddable":true,"href":"https:\/\/www.kulturtechno.de\/index.php?rest_route=\/wp\/v2\/users\/1"}],"replies":[{"embeddable":true,"href":"https:\/\/www.kulturtechno.de\/index.php?rest_route=%2Fwp%2Fv2%2Fcomments&post=19769"}],"version-history":[{"count":1,"href":"https:\/\/www.kulturtechno.de\/index.php?rest_route=\/wp\/v2\/posts\/19769\/revisions"}],"predecessor-version":[{"id":19770,"href":"https:\/\/www.kulturtechno.de\/index.php?rest_route=\/wp\/v2\/posts\/19769\/revisions\/19770"}],"wp:attachment":[{"href":"https:\/\/www.kulturtechno.de\/index.php?rest_route=%2Fwp%2Fv2%2Fmedia&parent=19769"}],"wp:term":[{"taxonomy":"category","embeddable":true,"href":"https:\/\/www.kulturtechno.de\/index.php?rest_route=%2Fwp%2Fv2%2Fcategories&post=19769"},{"taxonomy":"post_tag","embeddable":true,"href":"https:\/\/www.kulturtechno.de\/index.php?rest_route=%2Fwp%2Fv2%2Ftags&post=19769"}],"curies":[{"name":"wp","href":"https:\/\/api.w.org\/{rel}","templated":true}]}}