{"id":19514,"date":"2017-11-01T05:27:14","date_gmt":"2017-11-01T03:27:14","guid":{"rendered":"http:\/\/www.kulturtechno.de\/?p=19514"},"modified":"2017-10-29T23:30:32","modified_gmt":"2017-10-29T21:30:32","slug":"ankundigung-meines-solo-konzerts-beim-eclat-festival-stuttgart-2018-musik-begriff","status":"publish","type":"post","link":"https:\/\/www.kulturtechno.de\/?p=19514","title":{"rendered":"Ank\u00fcndigung meines Solo-Konzerts beim Eclat Festival Stuttgart 2018 \/ >Musik-Begriff<?"},"content":{"rendered":"<p>Ank\u00fcndigung des Stuttgarter Eclat-Festivals 2018, u.a. mit meinem Performance-Konzert &#8222;Infinissage&#8220;.<\/p>\n<p><a href=\"http:\/\/mdjstuttgart.de\/newsleser\/eclat-festival-neue-musik-stuttgart-2018-ist-online.html\"><br \/>\nhttp:\/\/mdjstuttgart.de\/newsleser\/eclat-festival-neue-musik-stuttgart-2018-ist-online.html<\/a><\/p>\n<p>Irgendwie f\u00e4llt mir noch die Formulierung davor auf:<\/p>\n<blockquote><p>KomponistenInnen von stock11 befragen und kritisieren in ihren Beitr\u00e4gen den Musik-Begriff.<\/p><\/blockquote>\n<p>Hat das vielleicht mit Theorien zu tun, die ich in den letzten Jahren publiziert habe? Ich w\u00fcsste jedenfalls keinen anderen, der \u00fcber den >Musikbegriff< ausdr\u00fccklich sich Gedanken gemacht hat derzeit.\nSiehe\n<a href=\"http:\/\/www.kreidler-net.de\/theorie\/kreidler__der_erweiterte_musikbegriff.pdf\">Der erweiterte Musikbegriff<\/a><br \/>\n<a href=\"http:\/\/www.kreidler-net.de\/theorie\/kreidler__der_aufgeloeste_musikbegriff.pdf\">Der aufgel\u00f6ste Musikbegriff<\/a><\/p>\n","protected":false},"excerpt":{"rendered":"<p>Ank\u00fcndigung des Stuttgarter Eclat-Festivals 2018, u.a. mit meinem Performance-Konzert &#8222;Infinissage&#8220;. http:\/\/mdjstuttgart.de\/newsleser\/eclat-festival-neue-musik-stuttgart-2018-ist-online.html Irgendwie f\u00e4llt mir noch die Formulierung davor auf: KomponistenInnen von stock11 befragen und kritisieren in ihren Beitr\u00e4gen den Musik-Begriff. Hat das vielleicht mit Theorien zu tun, die ich in den letzten Jahren publiziert habe? Ich w\u00fcsste jedenfalls keinen anderen, der \u00fcber den >Musikbegriff< ausdr\u00fccklich [&hellip;]\n<\/p>\n","protected":false},"author":1,"featured_media":0,"comment_status":"open","ping_status":"open","sticky":false,"template":"","format":"standard","meta":{"_links_to":"","_links_to_target":"","footnotes":""},"categories":[3],"tags":[],"class_list":["post-19514","post","type-post","status-publish","format-standard","hentry","category-id"],"_links":{"self":[{"href":"https:\/\/www.kulturtechno.de\/index.php?rest_route=\/wp\/v2\/posts\/19514"}],"collection":[{"href":"https:\/\/www.kulturtechno.de\/index.php?rest_route=\/wp\/v2\/posts"}],"about":[{"href":"https:\/\/www.kulturtechno.de\/index.php?rest_route=\/wp\/v2\/types\/post"}],"author":[{"embeddable":true,"href":"https:\/\/www.kulturtechno.de\/index.php?rest_route=\/wp\/v2\/users\/1"}],"replies":[{"embeddable":true,"href":"https:\/\/www.kulturtechno.de\/index.php?rest_route=%2Fwp%2Fv2%2Fcomments&post=19514"}],"version-history":[{"count":1,"href":"https:\/\/www.kulturtechno.de\/index.php?rest_route=\/wp\/v2\/posts\/19514\/revisions"}],"predecessor-version":[{"id":19515,"href":"https:\/\/www.kulturtechno.de\/index.php?rest_route=\/wp\/v2\/posts\/19514\/revisions\/19515"}],"wp:attachment":[{"href":"https:\/\/www.kulturtechno.de\/index.php?rest_route=%2Fwp%2Fv2%2Fmedia&parent=19514"}],"wp:term":[{"taxonomy":"category","embeddable":true,"href":"https:\/\/www.kulturtechno.de\/index.php?rest_route=%2Fwp%2Fv2%2Fcategories&post=19514"},{"taxonomy":"post_tag","embeddable":true,"href":"https:\/\/www.kulturtechno.de\/index.php?rest_route=%2Fwp%2Fv2%2Ftags&post=19514"}],"curies":[{"name":"wp","href":"https:\/\/api.w.org\/{rel}","templated":true}]}}