{"id":19512,"date":"2017-10-31T05:24:53","date_gmt":"2017-10-31T03:24:53","guid":{"rendered":"http:\/\/www.kulturtechno.de\/?p=19512"},"modified":"2017-10-29T23:27:04","modified_gmt":"2017-10-29T21:27:04","slug":"radiosendung-uber-politische-neue-musik-online","status":"publish","type":"post","link":"https:\/\/www.kulturtechno.de\/?p=19512","title":{"rendered":"Radiosendung \u00fcber politische neue Musik online"},"content":{"rendered":"<p>Das Feature von Kristin Amme, letzte Woche auf Schweizer Radio 2 gesendet (Kulturtechno <a href=\"http:\/\/www.kulturtechno.de\/?p=19477\">fr\u00fcher<\/a>), hat jemand mitgeschnitten und hochgeladen.<\/p>\n<p><iframe loading=\"lazy\" src=\"https:\/\/archive.org\/embed\/MusikUnsererZeit251020172000.1508961783250\" width=\"500\" height=\"140\" frameborder=\"0\" webkitallowfullscreen=\"true\" mozallowfullscreen=\"true\" allowfullscreen><\/iframe><\/p>\n<blockquote><p>\n    Im Gegensatz zu anderen K\u00fcnstlerInnen halten sich die meisten KomponistInnen mit politischen Aussagen gern zur\u00fcck. Weltabgewandt, im kleinzirkeligen Kokon. Oder wie es der Komponist Moritz Eggert formuliert: In einem \u00abBetrieb aus Auftr\u00e4gen, Stipendien, Preisen und Professuren, der ruhig stellt\u00bb.<\/p>\n<p>    Dabei liegen die Themen dringlich wie nie auf der Hand: Rechtspopulismus, Klimawandel, Migration. Warum regt sich nur so wenig in der zeitgen\u00f6ssischen Musik? Und was machen die, die aktiv einen anderen Weg gehen? Eine Sendung von Kristin Amme \u00fcber Provokationen, Utopien und gesellschaftliche Realit\u00e4ten \u2013 mit KomponistInnen, die ganz bewusst die gesellschaftliche Interaktion suchen: Isabel Mundry, Brigitta Muntendorf, Johannes Kreidler, Moritz Eggert, Dietrich Eichmann und Sarah Nemtsov.<\/p><\/blockquote>\n<p><a href=\"https:\/\/www.srf.ch\/sendungen\/musik-unserer-zeit\/ueber-kreuze-aufloesungszeichen-und-generalpausen-und-neue-musik\">https:\/\/www.srf.ch\/sendungen\/musik-unserer-zeit\/ueber-kreuze-aufloesungszeichen-und-generalpausen-und-neue-musik<\/a><\/p>\n<p><a href=\"https:\/\/archive.org\/details\/MusikUnsererZeit251020172000.1508961783250\">https:\/\/archive.org\/details\/MusikUnsererZeit251020172000.1508961783250<\/a><\/p>\n","protected":false},"excerpt":{"rendered":"<p>Das Feature von Kristin Amme, letzte Woche auf Schweizer Radio 2 gesendet (Kulturtechno fr\u00fcher), hat jemand mitgeschnitten und hochgeladen. Im Gegensatz zu anderen K\u00fcnstlerInnen halten sich die meisten KomponistInnen mit politischen Aussagen gern zur\u00fcck. Weltabgewandt, im kleinzirkeligen Kokon. Oder wie es der Komponist Moritz Eggert formuliert: In einem \u00abBetrieb aus Auftr\u00e4gen, Stipendien, Preisen und Professuren, [&hellip;]<\/p>\n","protected":false},"author":1,"featured_media":0,"comment_status":"open","ping_status":"open","sticky":false,"template":"","format":"standard","meta":{"_links_to":"","_links_to_target":"","footnotes":""},"categories":[3],"tags":[],"class_list":["post-19512","post","type-post","status-publish","format-standard","hentry","category-id"],"_links":{"self":[{"href":"https:\/\/www.kulturtechno.de\/index.php?rest_route=\/wp\/v2\/posts\/19512"}],"collection":[{"href":"https:\/\/www.kulturtechno.de\/index.php?rest_route=\/wp\/v2\/posts"}],"about":[{"href":"https:\/\/www.kulturtechno.de\/index.php?rest_route=\/wp\/v2\/types\/post"}],"author":[{"embeddable":true,"href":"https:\/\/www.kulturtechno.de\/index.php?rest_route=\/wp\/v2\/users\/1"}],"replies":[{"embeddable":true,"href":"https:\/\/www.kulturtechno.de\/index.php?rest_route=%2Fwp%2Fv2%2Fcomments&post=19512"}],"version-history":[{"count":1,"href":"https:\/\/www.kulturtechno.de\/index.php?rest_route=\/wp\/v2\/posts\/19512\/revisions"}],"predecessor-version":[{"id":19513,"href":"https:\/\/www.kulturtechno.de\/index.php?rest_route=\/wp\/v2\/posts\/19512\/revisions\/19513"}],"wp:attachment":[{"href":"https:\/\/www.kulturtechno.de\/index.php?rest_route=%2Fwp%2Fv2%2Fmedia&parent=19512"}],"wp:term":[{"taxonomy":"category","embeddable":true,"href":"https:\/\/www.kulturtechno.de\/index.php?rest_route=%2Fwp%2Fv2%2Fcategories&post=19512"},{"taxonomy":"post_tag","embeddable":true,"href":"https:\/\/www.kulturtechno.de\/index.php?rest_route=%2Fwp%2Fv2%2Ftags&post=19512"}],"curies":[{"name":"wp","href":"https:\/\/api.w.org\/{rel}","templated":true}]}}