{"id":19407,"date":"2017-10-03T05:30:18","date_gmt":"2017-10-03T03:30:18","guid":{"rendered":"http:\/\/www.kulturtechno.de\/?p=19407"},"modified":"2017-10-01T10:44:50","modified_gmt":"2017-10-01T08:44:50","slug":"mein-text-der-aufgeloste-musikbegriff-online","status":"publish","type":"post","link":"https:\/\/www.kulturtechno.de\/?p=19407","title":{"rendered":"Mein Text &#8222;Der aufgel\u00f6ste Musikbegriff&#8220; online"},"content":{"rendered":"<p><a href=\"http:\/\/www.kreidler-net.de\/kulturtechno-files\/aufgeloestermusikbegriff.jpg\" rel=\"lightbox[19407]\"><img loading=\"lazy\" decoding=\"async\" alt=\"\" src=\"http:\/\/www.kreidler-net.de\/kulturtechno-files\/aufgeloestermusikbegriff.jpg\" class=\"alignnone\" width=\"500\" height=\"222\" \/><\/a><\/p>\n<p>Mein Text &#8222;Der aufgel\u00f6ste Musikbegriff&#8220;, erschienen im Herbst 2016 in <a href=\"https:\/\/www.klett-cotta.de\/ausgabe\/Musik_&#038;_Aesthetik_Heft_04_Oktober_2016\/76855?bereich_subnavi=zusammenfassung&#038;artikel_id=79043\">Musik &#038; \u00c4sthetik<\/a>, steht jetzt online.<br \/>\nDer Text ist komplement\u00e4r zu meinem Text &#8222;<a href=\"http:\/\/www.kreidler-net.de\/theorie\/kreidler__der_erweiterte_musikbegriff.pdf\">Der erweiterte Musikbegriff<\/a>&#8222;. Er wurde bereits Gegenstand der Diskussion mit Hannes Seidl in den MusikTexten (Kulturtechno <a href=\"http:\/\/www.kulturtechno.de\/?p=18576\">fr\u00fcher<\/a>), und mehrere weitere Kommentator*innen werden sich demn\u00e4chst dazu \u00e4u\u00dfern, Kulturtechno wird berichten.<\/p>\n<p>abstract:<\/p>\n<blockquote><p>Musik sieht sich heute umfassend vor der Ausweitung ihrer medialen M\u00f6glichkeiten, \u00e4hnlich wie es schon seit einiger Zeit in den Bildenden K\u00fcnsten der Fall ist und von Peter Osborne als \u00bbtransmedial\u00ab charakterisiert wird. Andererseits fixieren institutionelle Strukturen die traditionelle, mediengebundene Definition der Kunstsparten. Doch mittlerweile zeichnet sich ab, wie diese Fixierung \u00fcberwunden wird, und dann treten auch die Musik und alle K\u00fcnste in den transmedialen Zustand. Es gibt aber weiterhin Kriterien, nach denen sich verschiedene Praktiken abgrenzen.<\/p><\/blockquote>\n<p><a href=\"http:\/\/www.kreidler-net.de\/theorie\/kreidler__der_aufgeloeste_musikbegriff.pdf\">http:\/\/www.kreidler-net.de\/theorie\/kreidler__der_aufgeloeste_musikbegriff.pdf<\/a><\/p>\n","protected":false},"excerpt":{"rendered":"<p>Mein Text &#8222;Der aufgel\u00f6ste Musikbegriff&#8220;, erschienen im Herbst 2016 in Musik &#038; \u00c4sthetik, steht jetzt online. Der Text ist komplement\u00e4r zu meinem Text &#8222;Der erweiterte Musikbegriff&#8222;. Er wurde bereits Gegenstand der Diskussion mit Hannes Seidl in den MusikTexten (Kulturtechno fr\u00fcher), und mehrere weitere Kommentator*innen werden sich demn\u00e4chst dazu \u00e4u\u00dfern, Kulturtechno wird berichten. abstract: Musik sieht [&hellip;]<\/p>\n","protected":false},"author":1,"featured_media":0,"comment_status":"open","ping_status":"open","sticky":false,"template":"","format":"standard","meta":{"_links_to":"","_links_to_target":"","footnotes":""},"categories":[3],"tags":[],"class_list":["post-19407","post","type-post","status-publish","format-standard","hentry","category-id"],"_links":{"self":[{"href":"https:\/\/www.kulturtechno.de\/index.php?rest_route=\/wp\/v2\/posts\/19407"}],"collection":[{"href":"https:\/\/www.kulturtechno.de\/index.php?rest_route=\/wp\/v2\/posts"}],"about":[{"href":"https:\/\/www.kulturtechno.de\/index.php?rest_route=\/wp\/v2\/types\/post"}],"author":[{"embeddable":true,"href":"https:\/\/www.kulturtechno.de\/index.php?rest_route=\/wp\/v2\/users\/1"}],"replies":[{"embeddable":true,"href":"https:\/\/www.kulturtechno.de\/index.php?rest_route=%2Fwp%2Fv2%2Fcomments&post=19407"}],"version-history":[{"count":4,"href":"https:\/\/www.kulturtechno.de\/index.php?rest_route=\/wp\/v2\/posts\/19407\/revisions"}],"predecessor-version":[{"id":19409,"href":"https:\/\/www.kulturtechno.de\/index.php?rest_route=\/wp\/v2\/posts\/19407\/revisions\/19409"}],"wp:attachment":[{"href":"https:\/\/www.kulturtechno.de\/index.php?rest_route=%2Fwp%2Fv2%2Fmedia&parent=19407"}],"wp:term":[{"taxonomy":"category","embeddable":true,"href":"https:\/\/www.kulturtechno.de\/index.php?rest_route=%2Fwp%2Fv2%2Fcategories&post=19407"},{"taxonomy":"post_tag","embeddable":true,"href":"https:\/\/www.kulturtechno.de\/index.php?rest_route=%2Fwp%2Fv2%2Ftags&post=19407"}],"curies":[{"name":"wp","href":"https:\/\/api.w.org\/{rel}","templated":true}]}}