{"id":19357,"date":"2017-09-25T05:44:37","date_gmt":"2017-09-25T03:44:37","guid":{"rendered":"http:\/\/www.kulturtechno.de\/?p=19357"},"modified":"2017-09-22T23:55:24","modified_gmt":"2017-09-22T21:55:24","slug":"nachtrag-zum-offenen-brief-klangwerkstatt","status":"publish","type":"post","link":"https:\/\/www.kulturtechno.de\/?p=19357","title":{"rendered":"Nachtrag zum Offenen Brief \/ Klangwerkstatt"},"content":{"rendered":"<p>Im Sommer habe ich einen <a href=\"http:\/\/www.kulturtechno.de\/?p=19315\">Offenen Brief <\/a>an den Kultursenator Berlin geschickt, da der Fortbestand der Klangwerkstatt bedroht ist. Damit bin ich nicht allein, wenn ich auch mit wesentlich mehr Unterst\u00fctzer*innen gerechnet habe. Auf der <a href=\"http:\/\/klangwerkstatt-berlin.de\/2016\/\">Website der Klangwerkstatt<\/a> sind diverse Briefe und Statements gesammelt.<br \/>\nLederer hat \u00fcbrigens allen Briefeschreibern geantwortet &#8211; immerhin (als ich 2014 dem damaligen Verantwortlichen Tim Renner wegen der Unerh\u00f6rten Musik <a href=\"http:\/\/www.kulturtechno.de\/?p=13215\">geschrieben <\/a>hatte, kam nix). In der Antwort zwar keine klare Ansage, aber doch zumindest Verst\u00e4ndnis f\u00fcr die Sache und L\u00f6sungsoptionen genannt.<\/p>\n","protected":false},"excerpt":{"rendered":"<p>Im Sommer habe ich einen Offenen Brief an den Kultursenator Berlin geschickt, da der Fortbestand der Klangwerkstatt bedroht ist. Damit bin ich nicht allein, wenn ich auch mit wesentlich mehr Unterst\u00fctzer*innen gerechnet habe. Auf der Website der Klangwerkstatt sind diverse Briefe und Statements gesammelt. Lederer hat \u00fcbrigens allen Briefeschreibern geantwortet &#8211; immerhin (als ich 2014 [&hellip;]<\/p>\n","protected":false},"author":1,"featured_media":0,"comment_status":"open","ping_status":"open","sticky":false,"template":"","format":"standard","meta":{"_links_to":"","_links_to_target":"","footnotes":""},"categories":[15],"tags":[],"class_list":["post-19357","post","type-post","status-publish","format-standard","hentry","category-kritik-der-reinen-vernunft"],"_links":{"self":[{"href":"https:\/\/www.kulturtechno.de\/index.php?rest_route=\/wp\/v2\/posts\/19357"}],"collection":[{"href":"https:\/\/www.kulturtechno.de\/index.php?rest_route=\/wp\/v2\/posts"}],"about":[{"href":"https:\/\/www.kulturtechno.de\/index.php?rest_route=\/wp\/v2\/types\/post"}],"author":[{"embeddable":true,"href":"https:\/\/www.kulturtechno.de\/index.php?rest_route=\/wp\/v2\/users\/1"}],"replies":[{"embeddable":true,"href":"https:\/\/www.kulturtechno.de\/index.php?rest_route=%2Fwp%2Fv2%2Fcomments&post=19357"}],"version-history":[{"count":1,"href":"https:\/\/www.kulturtechno.de\/index.php?rest_route=\/wp\/v2\/posts\/19357\/revisions"}],"predecessor-version":[{"id":19358,"href":"https:\/\/www.kulturtechno.de\/index.php?rest_route=\/wp\/v2\/posts\/19357\/revisions\/19358"}],"wp:attachment":[{"href":"https:\/\/www.kulturtechno.de\/index.php?rest_route=%2Fwp%2Fv2%2Fmedia&parent=19357"}],"wp:term":[{"taxonomy":"category","embeddable":true,"href":"https:\/\/www.kulturtechno.de\/index.php?rest_route=%2Fwp%2Fv2%2Fcategories&post=19357"},{"taxonomy":"post_tag","embeddable":true,"href":"https:\/\/www.kulturtechno.de\/index.php?rest_route=%2Fwp%2Fv2%2Ftags&post=19357"}],"curies":[{"name":"wp","href":"https:\/\/api.w.org\/{rel}","templated":true}]}}