{"id":19315,"date":"2017-07-28T16:27:44","date_gmt":"2017-07-28T14:27:44","guid":{"rendered":"http:\/\/www.kulturtechno.de\/?p=19315"},"modified":"2017-07-28T16:27:51","modified_gmt":"2017-07-28T14:27:51","slug":"kurze-unterbrechung-der-sommerpause-offener-brief-an-den-kultursenator-der-stadt-berlin","status":"publish","type":"post","link":"https:\/\/www.kulturtechno.de\/?p=19315","title":{"rendered":"Kurze Unterbrechung der Sommerpause: Offener Brief an den Kultursenator der Stadt Berlin"},"content":{"rendered":"<p>Geht heute mit der Post raus. Schreibt ihm auch &#8211; die Lage ist ernst. (<a href=\"http:\/\/klangwerkstatt-berlin.de\/2016\/\">Mehr dazu<\/a>)<\/p>\n<p>+++++++++++++++++<br \/>\nHerrn<br \/>\nDr. Klaus Lederer<br \/>\nSenator f\u00fcr Kultur und Europa<br \/>\nSenatsverwaltung f\u00fcr Kultur und Europa, Abteilung Kultur<br \/>\nBrunnenstr. 188-190<br \/>\n10119 Berlin<\/p>\n<p>Klangwerkstatt Berlin \u2013 Offener Brief<\/p>\n<p>Sehr geehrter Herr Dr. Lederer,<\/p>\n<p>mit Best\u00fcrzung habe ich davon erfahren, dass das Festival Klangwerkstatt Berlin, das seit 28 Jahren j\u00e4hrlich eine einzigartige kulturelle Leistung Berlins darstellt, dieses Jahr mangels finanzieller F\u00f6rderung nicht stattfinden kann. Kein mir bekanntes Festival f\u00fcr Neue Musik betreibt \u2013 deutschlandweit \u2013 in einer solchen Intensit\u00e4t Nachwuchsf\u00f6rderung f\u00fcr alle Formen des experimentellen Musizierens und Komponierens, wie es ebenso diese vereint mit erstklassigen Auff\u00fchrungen und wichtigen Kompositionsauftr\u00e4gen an die bedeutendsten Komponistin*innen Berlins, was im Bereich der Neuen Musik bekanntlich nicht weniger hei\u00dft als: die bedeutendsten Komponist*innen der Welt.<\/p>\n<p>Um nur ein Beispiel zu geben aus vermutlich \u00fcber 500 Konzerten, die die Klangwerkstatt seit 1989 auf die Beine gestellt hat: 2010 durfte ich die Erfahrung als Zuh\u00f6rer machen, einem Konzert von Kindern und Jugendlichen aus Marzahn-Hellersdorf beizuwohnen, in dem diese mit Autohupen eine spektakul\u00e4re \u203aSymphonie\u2039 von Moritz Eggert darboten. Nicht nur war es ein gro\u00dfer Spa\u00df f\u00fcr alle Beteiligten, zugleich \u00f6ffnete es allen die Ohren f\u00fcr die Feinheiten, die \u2013 ich habe es auch erst geglaubt, nachdem ich es geh\u00f6rt habe \u2013 eine Autophupe hat; sie kann n\u00e4mlich durchaus auch leise und zart klingen!<\/p>\n<p>Schauen Sie doch mal auf der Website www.klangwerkstatt-berlin.de ins Archiv, was hier 28 Jahre lang mit gro\u00dfem Idealismus und Flei\u00df f\u00fcr Berlin getan wurde. Unmessbar bleiben dar\u00fcber hinaus all die Wirkungen, Erinnerungen, Erweiterungen des F\u00fchlens und Denkens, Freude an Klang und seiner gemeinsamen Hervorbringung in allen nur erdenklichen Facetten, die von der Klangwerkstatt ausgingen.<\/p>\n<p>Dass die Klangwerkstatt nun nicht stattfinden kann, zeigt das grunds\u00e4tzliche Manko, dem das Festival ausgesetzt ist: Von Jahr zu Jahr ist es auf projektbezogene F\u00f6rdermittel angewiesen; die Klangwerkstatt ist aber kein singul\u00e4res Projekt, sondern eine der wichtigsten Institutionen des Berliner Konzertlebens seit 1989. Darum m\u00f6chte ich Sie dringlich bitten, alle M\u00f6glichkeiten zu pr\u00fcfen, der Klangwerkstatt endlich eine kontinuierliche, langfristige F\u00f6rderung zu geben, damit dieses traurige Jahr ein absoluter Einzelfall bleibt. Wenn jetzt nicht die bestehende Wo*Manpower und das \u00fcber mehr als ein Vierteljahrhundert gewachsene Publikum der Klangwerkstatt gesichert wird, bricht etwas weg, was sich schwerlich \u2013 wie sollte es auch \u2013 wiederherstellen lie\u00dfe. Berlin w\u00e4re um eines seiner wunderbarsten Basiskulturprojekte \u00e4rmer. Ich bitte Sie, zu handeln.<\/p>\n<p>Es gr\u00fc\u00dft so bek\u00fcmmert wie herzlich<br \/>\nJohannes Kreidler<\/p>\n","protected":false},"excerpt":{"rendered":"<p>Geht heute mit der Post raus. Schreibt ihm auch &#8211; die Lage ist ernst. (Mehr dazu) +++++++++++++++++ Herrn Dr. Klaus Lederer Senator f\u00fcr Kultur und Europa Senatsverwaltung f\u00fcr Kultur und Europa, Abteilung Kultur Brunnenstr. 188-190 10119 Berlin Klangwerkstatt Berlin \u2013 Offener Brief Sehr geehrter Herr Dr. Lederer, mit Best\u00fcrzung habe ich davon erfahren, dass das [&hellip;]<\/p>\n","protected":false},"author":1,"featured_media":0,"comment_status":"open","ping_status":"open","sticky":false,"template":"","format":"standard","meta":{"_links_to":"","_links_to_target":"","footnotes":""},"categories":[15],"tags":[],"class_list":["post-19315","post","type-post","status-publish","format-standard","hentry","category-kritik-der-reinen-vernunft"],"_links":{"self":[{"href":"https:\/\/www.kulturtechno.de\/index.php?rest_route=\/wp\/v2\/posts\/19315"}],"collection":[{"href":"https:\/\/www.kulturtechno.de\/index.php?rest_route=\/wp\/v2\/posts"}],"about":[{"href":"https:\/\/www.kulturtechno.de\/index.php?rest_route=\/wp\/v2\/types\/post"}],"author":[{"embeddable":true,"href":"https:\/\/www.kulturtechno.de\/index.php?rest_route=\/wp\/v2\/users\/1"}],"replies":[{"embeddable":true,"href":"https:\/\/www.kulturtechno.de\/index.php?rest_route=%2Fwp%2Fv2%2Fcomments&post=19315"}],"version-history":[{"count":2,"href":"https:\/\/www.kulturtechno.de\/index.php?rest_route=\/wp\/v2\/posts\/19315\/revisions"}],"predecessor-version":[{"id":19317,"href":"https:\/\/www.kulturtechno.de\/index.php?rest_route=\/wp\/v2\/posts\/19315\/revisions\/19317"}],"wp:attachment":[{"href":"https:\/\/www.kulturtechno.de\/index.php?rest_route=%2Fwp%2Fv2%2Fmedia&parent=19315"}],"wp:term":[{"taxonomy":"category","embeddable":true,"href":"https:\/\/www.kulturtechno.de\/index.php?rest_route=%2Fwp%2Fv2%2Fcategories&post=19315"},{"taxonomy":"post_tag","embeddable":true,"href":"https:\/\/www.kulturtechno.de\/index.php?rest_route=%2Fwp%2Fv2%2Ftags&post=19315"}],"curies":[{"name":"wp","href":"https:\/\/api.w.org\/{rel}","templated":true}]}}