{"id":19258,"date":"2017-07-02T05:58:40","date_gmt":"2017-07-02T03:58:40","guid":{"rendered":"http:\/\/www.kulturtechno.de\/?p=19258"},"modified":"2017-07-02T11:09:03","modified_gmt":"2017-07-02T09:09:03","slug":"portraitsendung-von-br-klassik-online","status":"publish","type":"post","link":"https:\/\/www.kulturtechno.de\/?p=19258","title":{"rendered":"Portraitsendung von BR Klassik online"},"content":{"rendered":"<p>Jemand hat die <a href=\"http:\/\/www.kulturtechno.de\/?p=18942\">Portraitsendung<\/a> von Julia Sch\u00f6lzel \u00fcber mich mitgeschnitten und online gestellt.<\/p>\n<p><iframe loading=\"lazy\" src=\"https:\/\/archive.org\/embed\/BrKlassikPortraitJuliaSchlzel2017\" width=\"500\" height=\"84\" frameborder=\"0\" webkitallowfullscreen=\"true\" mozallowfullscreen=\"true\" allowfullscreen><\/iframe><\/p>\n<blockquote><p>    Dienstag, 18.04.2017<br \/>\n    22:05 bis 23:00 Uhr<\/p>\n<p>    Horizonte<br \/>\n    Studio f\u00fcr Musik<br \/>\n    Horizonte \u2013 die Sendereihe f\u00fcr Neue Musik auf BR-KLASSIK.<\/p>\n<p>    Musik und Konzepte des Komponisten Johannes Kreidler<br \/>\n    Von Julia Sch\u00f6lzel<\/p>\n<p>    \u201cMein Anspruch: etwas Neues in die Welt zu setzen. Insofern bin ich ein Erfinder, ein Entdecker, und ich m\u00f6chte von Idee zu Idee die Welt bereichern.\u201d<br \/>\n    Er hat die eigene Latte hochgeh\u00e4ngt, der Komponist Johannes Kreidler. Seit gut 10 Jahren lautet seine Erfolgsmodell \u201cNeuer Konzeptualismus\u201d. Der 36-j\u00e4hrige Walhberliner denkt, schreibt, mixt, collagiert, seziert, filmt, und was am Ende dabei herauskommt, muss nicht immer etwas mit Musik zu tun haben. Dem nicht mehr ganz so jungen Wilden geht es um die Erweiterung des klassischen Musikbegriffs, und er komponiert in Worten, Taten, Noten und Videos in alle \u00e4sthetische Richtungen. Seine provokanten Statements zur Neuen Musik l\u00f6sen kontroverse Diskussionen aus, seine radikalen Arbeiten stimmen nachdenklich. Kreidler beim Wort genommen \u2013 ein Einblick in den Gedankenkosmos des Komponisten in der Collage \u201cKreidleriana\u201d von Julia Sch\u00f6lzel. <\/p><\/blockquote>\n","protected":false},"excerpt":{"rendered":"<p>Jemand hat die Portraitsendung von Julia Sch\u00f6lzel \u00fcber mich mitgeschnitten und online gestellt. Dienstag, 18.04.2017 22:05 bis 23:00 Uhr Horizonte Studio f\u00fcr Musik Horizonte \u2013 die Sendereihe f\u00fcr Neue Musik auf BR-KLASSIK. Musik und Konzepte des Komponisten Johannes Kreidler Von Julia Sch\u00f6lzel \u201cMein Anspruch: etwas Neues in die Welt zu setzen. Insofern bin ich ein [&hellip;]<\/p>\n","protected":false},"author":1,"featured_media":0,"comment_status":"open","ping_status":"open","sticky":false,"template":"","format":"standard","meta":{"_links_to":"","_links_to_target":"","footnotes":""},"categories":[3],"tags":[],"class_list":["post-19258","post","type-post","status-publish","format-standard","hentry","category-id"],"_links":{"self":[{"href":"https:\/\/www.kulturtechno.de\/index.php?rest_route=\/wp\/v2\/posts\/19258"}],"collection":[{"href":"https:\/\/www.kulturtechno.de\/index.php?rest_route=\/wp\/v2\/posts"}],"about":[{"href":"https:\/\/www.kulturtechno.de\/index.php?rest_route=\/wp\/v2\/types\/post"}],"author":[{"embeddable":true,"href":"https:\/\/www.kulturtechno.de\/index.php?rest_route=\/wp\/v2\/users\/1"}],"replies":[{"embeddable":true,"href":"https:\/\/www.kulturtechno.de\/index.php?rest_route=%2Fwp%2Fv2%2Fcomments&post=19258"}],"version-history":[{"count":2,"href":"https:\/\/www.kulturtechno.de\/index.php?rest_route=\/wp\/v2\/posts\/19258\/revisions"}],"predecessor-version":[{"id":19267,"href":"https:\/\/www.kulturtechno.de\/index.php?rest_route=\/wp\/v2\/posts\/19258\/revisions\/19267"}],"wp:attachment":[{"href":"https:\/\/www.kulturtechno.de\/index.php?rest_route=%2Fwp%2Fv2%2Fmedia&parent=19258"}],"wp:term":[{"taxonomy":"category","embeddable":true,"href":"https:\/\/www.kulturtechno.de\/index.php?rest_route=%2Fwp%2Fv2%2Fcategories&post=19258"},{"taxonomy":"post_tag","embeddable":true,"href":"https:\/\/www.kulturtechno.de\/index.php?rest_route=%2Fwp%2Fv2%2Ftags&post=19258"}],"curies":[{"name":"wp","href":"https:\/\/api.w.org\/{rel}","templated":true}]}}