{"id":19245,"date":"2017-06-27T05:36:19","date_gmt":"2017-06-27T03:36:19","guid":{"rendered":"http:\/\/www.kulturtechno.de\/?p=19245"},"modified":"2017-06-25T23:47:26","modified_gmt":"2017-06-25T21:47:26","slug":"radiosendung-uber-minusbolero","status":"publish","type":"post","link":"https:\/\/www.kulturtechno.de\/?p=19245","title":{"rendered":"Radiosendung \u00fcber Minusbolero"},"content":{"rendered":"<p>Jemand hat das Radiofeature von <a href=\"http:\/\/www.jan-kopp.de\/komponist\/_home.html\">Jan Kopp<\/a> \u00fcber das H\u00f6rersubjekt (Kulturtechno <a href=\"http:\/\/www.kulturtechno.de\/?p=19071\">fr\u00fcher<\/a>), in dem ausf\u00fchrlich mein Orchesterst\u00fcck <a href=\"http:\/\/www.kreidler-net.de\/werke\/minusbolero.htm\">Minusbolero <\/a>besprochen wird, mitgeschnitten und online gestellt.<\/p>\n<p><iframe loading=\"lazy\" src=\"https:\/\/archive.org\/embed\/KoppDasHrbareHHren\" width=\"500\" height=\"30\" frameborder=\"0\" webkitallowfullscreen=\"true\" mozallowfullscreen=\"true\" allowfullscreen><\/iframe><\/p>\n","protected":false},"excerpt":{"rendered":"<p>Jemand hat das Radiofeature von Jan Kopp \u00fcber das H\u00f6rersubjekt (Kulturtechno fr\u00fcher), in dem ausf\u00fchrlich mein Orchesterst\u00fcck Minusbolero besprochen wird, mitgeschnitten und online gestellt.<\/p>\n","protected":false},"author":1,"featured_media":0,"comment_status":"open","ping_status":"open","sticky":false,"template":"","format":"standard","meta":{"_links_to":"","_links_to_target":"","footnotes":""},"categories":[3],"tags":[],"class_list":["post-19245","post","type-post","status-publish","format-standard","hentry","category-id"],"_links":{"self":[{"href":"https:\/\/www.kulturtechno.de\/index.php?rest_route=\/wp\/v2\/posts\/19245"}],"collection":[{"href":"https:\/\/www.kulturtechno.de\/index.php?rest_route=\/wp\/v2\/posts"}],"about":[{"href":"https:\/\/www.kulturtechno.de\/index.php?rest_route=\/wp\/v2\/types\/post"}],"author":[{"embeddable":true,"href":"https:\/\/www.kulturtechno.de\/index.php?rest_route=\/wp\/v2\/users\/1"}],"replies":[{"embeddable":true,"href":"https:\/\/www.kulturtechno.de\/index.php?rest_route=%2Fwp%2Fv2%2Fcomments&post=19245"}],"version-history":[{"count":2,"href":"https:\/\/www.kulturtechno.de\/index.php?rest_route=\/wp\/v2\/posts\/19245\/revisions"}],"predecessor-version":[{"id":19247,"href":"https:\/\/www.kulturtechno.de\/index.php?rest_route=\/wp\/v2\/posts\/19245\/revisions\/19247"}],"wp:attachment":[{"href":"https:\/\/www.kulturtechno.de\/index.php?rest_route=%2Fwp%2Fv2%2Fmedia&parent=19245"}],"wp:term":[{"taxonomy":"category","embeddable":true,"href":"https:\/\/www.kulturtechno.de\/index.php?rest_route=%2Fwp%2Fv2%2Fcategories&post=19245"},{"taxonomy":"post_tag","embeddable":true,"href":"https:\/\/www.kulturtechno.de\/index.php?rest_route=%2Fwp%2Fv2%2Ftags&post=19245"}],"curies":[{"name":"wp","href":"https:\/\/api.w.org\/{rel}","templated":true}]}}