{"id":19201,"date":"2017-06-18T05:51:52","date_gmt":"2017-06-18T03:51:52","guid":{"rendered":"http:\/\/www.kulturtechno.de\/?p=19201"},"modified":"2017-06-12T16:00:06","modified_gmt":"2017-06-12T14:00:06","slug":"mein-text-wer-schreit-hat-recht-online","status":"publish","type":"post","link":"https:\/\/www.kulturtechno.de\/?p=19201","title":{"rendered":"Mein Text &#8222;Wer schreit, hat Recht&#8220; online"},"content":{"rendered":"<p>Mein Text &#8222;Wer schreit, hat Recht. \u00dcber Polemik&#8220;, erschienen in der Januarausgabe der \u00d6sterreichischen Musikzeitschrift 2016, steht nun online. Der Text ist Gegenst\u00fcck zu meinem in der Dissonance erschienen Essay &#8222;<a href=\"http:\/\/www.kulturtechno.de\/?p=18730\">Zur Musikkritik<\/a>&#8222;.<\/p>\n<p>Snip:<\/p>\n<blockquote><p>So braucht es beim Verfolgen eines Diskurses bisweilen eben diesen kleinen \u00dcbersetzungsratgeber:<br \/>\nWer ein haneb\u00fcchenes Argument vorlegt, wer mit Rhetorik um sich wirft, wer performative Widerspr\u00fcche produziert, \u00fcberzogene Vergleiche anbringt, wer moralisiert oder gar l\u00fcgenhaft unterstellt, sagt eigentlich: Ich bin eifers\u00fcchtig, das da bedroht meine Gewissheiten, meine Reputation, meine materielle Existenz. Zugleich verr\u00e4t es aber auch: Hier geht es um etwas.<\/p><\/blockquote>\n<p><a href=\"http:\/\/www.kreidler-net.de\/theorie\/kreidler__ueber_polemik.pdf\">http:\/\/www.kreidler-net.de\/theorie\/kreidler__ueber_polemik.pdf<\/a><\/p>\n","protected":false},"excerpt":{"rendered":"<p>Mein Text &#8222;Wer schreit, hat Recht. \u00dcber Polemik&#8220;, erschienen in der Januarausgabe der \u00d6sterreichischen Musikzeitschrift 2016, steht nun online. Der Text ist Gegenst\u00fcck zu meinem in der Dissonance erschienen Essay &#8222;Zur Musikkritik&#8222;. Snip: So braucht es beim Verfolgen eines Diskurses bisweilen eben diesen kleinen \u00dcbersetzungsratgeber: Wer ein haneb\u00fcchenes Argument vorlegt, wer mit Rhetorik um sich [&hellip;]<\/p>\n","protected":false},"author":1,"featured_media":0,"comment_status":"open","ping_status":"open","sticky":false,"template":"","format":"standard","meta":{"_links_to":"","_links_to_target":"","footnotes":""},"categories":[3],"tags":[],"class_list":["post-19201","post","type-post","status-publish","format-standard","hentry","category-id"],"_links":{"self":[{"href":"https:\/\/www.kulturtechno.de\/index.php?rest_route=\/wp\/v2\/posts\/19201"}],"collection":[{"href":"https:\/\/www.kulturtechno.de\/index.php?rest_route=\/wp\/v2\/posts"}],"about":[{"href":"https:\/\/www.kulturtechno.de\/index.php?rest_route=\/wp\/v2\/types\/post"}],"author":[{"embeddable":true,"href":"https:\/\/www.kulturtechno.de\/index.php?rest_route=\/wp\/v2\/users\/1"}],"replies":[{"embeddable":true,"href":"https:\/\/www.kulturtechno.de\/index.php?rest_route=%2Fwp%2Fv2%2Fcomments&post=19201"}],"version-history":[{"count":2,"href":"https:\/\/www.kulturtechno.de\/index.php?rest_route=\/wp\/v2\/posts\/19201\/revisions"}],"predecessor-version":[{"id":19203,"href":"https:\/\/www.kulturtechno.de\/index.php?rest_route=\/wp\/v2\/posts\/19201\/revisions\/19203"}],"wp:attachment":[{"href":"https:\/\/www.kulturtechno.de\/index.php?rest_route=%2Fwp%2Fv2%2Fmedia&parent=19201"}],"wp:term":[{"taxonomy":"category","embeddable":true,"href":"https:\/\/www.kulturtechno.de\/index.php?rest_route=%2Fwp%2Fv2%2Fcategories&post=19201"},{"taxonomy":"post_tag","embeddable":true,"href":"https:\/\/www.kulturtechno.de\/index.php?rest_route=%2Fwp%2Fv2%2Ftags&post=19201"}],"curies":[{"name":"wp","href":"https:\/\/api.w.org\/{rel}","templated":true}]}}