{"id":19173,"date":"2017-06-11T05:36:30","date_gmt":"2017-06-11T03:36:30","guid":{"rendered":"http:\/\/www.kulturtechno.de\/?p=19173"},"modified":"2017-06-04T20:41:08","modified_gmt":"2017-06-04T18:41:08","slug":"strasenschlachten-eine-farbeinordnung","status":"publish","type":"post","link":"https:\/\/www.kulturtechno.de\/?p=19173","title":{"rendered":"Stra\u00dfenschlachten &#8211; eine Farbeinordnung"},"content":{"rendered":"<p>Max Schulze ordnet Vandalismus farblich ein. <a href=\"http:\/\/provinzeditionen.de\/max-schulze\/\">Hier <\/a>die ganze Mappe.<\/p>\n<p><a href=\"http:\/\/provinzeditionen.de\/storage\/media\/max-schulze2\/details_schulze2.jpg\" rel=\"lightbox[19173]\"><img loading=\"lazy\" decoding=\"async\" alt=\"\" src=\"http:\/\/provinzeditionen.de\/storage\/media\/max-schulze2\/details_schulze2.jpg\" class=\"alignnone\" width=\"500\" height=\"474\" \/><\/a><\/p>\n<p><a href=\"http:\/\/provinzeditionen.de\/storage\/media\/max-schulze2\/details_schulze13.jpg\" rel=\"lightbox[19173]\"><img loading=\"lazy\" decoding=\"async\" alt=\"\" src=\"http:\/\/provinzeditionen.de\/storage\/media\/max-schulze2\/details_schulze13.jpg\" class=\"alignnone\" width=\"500\" height=\"474\" \/><\/a><\/p>\n<p><a href=\"http:\/\/provinzeditionen.de\/storage\/media\/max-schulze2\/details_schulze11.jpg\" rel=\"lightbox[19173]\"><img loading=\"lazy\" decoding=\"async\" alt=\"\" src=\"http:\/\/provinzeditionen.de\/storage\/media\/max-schulze2\/details_schulze11.jpg\" class=\"alignnone\" width=\"500\" height=\"474\" \/><\/a><\/p>\n<p><a href=\"http:\/\/provinzeditionen.de\/storage\/media\/max-schulze2\/details_schulze12.jpg\" rel=\"lightbox[19173]\"><img loading=\"lazy\" decoding=\"async\" alt=\"\" src=\"http:\/\/provinzeditionen.de\/storage\/media\/max-schulze2\/details_schulze12.jpg\" class=\"alignnone\" width=\"500\" height=\"474\" \/><\/a><\/p>\n<blockquote><p>\nFotos von Stra\u00dfenschlachten, von Polizisten und Demonstranten, die Farbwasserwerfern ausgesetzt sind sowie solche mutwillig besch\u00e4digter H\u00e4user und Autos hat Max Schulze gesammelt und nach Farben sortiert. Die einzelnen Motive werden dem Farbf\u00e4cher der \u201eQualit\u00e4tsfarben\u201c und Eigenmarke des bekannten Baumarktunternehmens \u201eBauhaus\u201c zugeordnet. Deren heiterer Titel \u201eSwingcolor\u201c ist nun gleichzeitig Namensgeber der zweiten Edition Max Schulzes f\u00fcr PROVINZ.<\/p><\/blockquote>\n<p>Danke f\u00fcr den Tipp, Leopold!<\/p>\n","protected":false},"excerpt":{"rendered":"<p>Max Schulze ordnet Vandalismus farblich ein. Hier die ganze Mappe. Fotos von Stra\u00dfenschlachten, von Polizisten und Demonstranten, die Farbwasserwerfern ausgesetzt sind sowie solche mutwillig besch\u00e4digter H\u00e4user und Autos hat Max Schulze gesammelt und nach Farben sortiert. Die einzelnen Motive werden dem Farbf\u00e4cher der \u201eQualit\u00e4tsfarben\u201c und Eigenmarke des bekannten Baumarktunternehmens \u201eBauhaus\u201c zugeordnet. Deren heiterer Titel \u201eSwingcolor\u201c [&hellip;]<\/p>\n","protected":false},"author":1,"featured_media":0,"comment_status":"open","ping_status":"open","sticky":false,"template":"","format":"standard","meta":{"_links_to":"","_links_to_target":"","footnotes":""},"categories":[4],"tags":[],"class_list":["post-19173","post","type-post","status-publish","format-standard","hentry","category-museum"],"_links":{"self":[{"href":"https:\/\/www.kulturtechno.de\/index.php?rest_route=\/wp\/v2\/posts\/19173"}],"collection":[{"href":"https:\/\/www.kulturtechno.de\/index.php?rest_route=\/wp\/v2\/posts"}],"about":[{"href":"https:\/\/www.kulturtechno.de\/index.php?rest_route=\/wp\/v2\/types\/post"}],"author":[{"embeddable":true,"href":"https:\/\/www.kulturtechno.de\/index.php?rest_route=\/wp\/v2\/users\/1"}],"replies":[{"embeddable":true,"href":"https:\/\/www.kulturtechno.de\/index.php?rest_route=%2Fwp%2Fv2%2Fcomments&post=19173"}],"version-history":[{"count":2,"href":"https:\/\/www.kulturtechno.de\/index.php?rest_route=\/wp\/v2\/posts\/19173\/revisions"}],"predecessor-version":[{"id":19175,"href":"https:\/\/www.kulturtechno.de\/index.php?rest_route=\/wp\/v2\/posts\/19173\/revisions\/19175"}],"wp:attachment":[{"href":"https:\/\/www.kulturtechno.de\/index.php?rest_route=%2Fwp%2Fv2%2Fmedia&parent=19173"}],"wp:term":[{"taxonomy":"category","embeddable":true,"href":"https:\/\/www.kulturtechno.de\/index.php?rest_route=%2Fwp%2Fv2%2Fcategories&post=19173"},{"taxonomy":"post_tag","embeddable":true,"href":"https:\/\/www.kulturtechno.de\/index.php?rest_route=%2Fwp%2Fv2%2Ftags&post=19173"}],"curies":[{"name":"wp","href":"https:\/\/api.w.org\/{rel}","templated":true}]}}