{"id":19060,"date":"2017-05-18T05:32:38","date_gmt":"2017-05-18T03:32:38","guid":{"rendered":"http:\/\/www.kulturtechno.de\/?p=19060"},"modified":"2017-05-15T12:39:15","modified_gmt":"2017-05-15T10:39:15","slug":"armin-kohler-platz-in-donaueschingen","status":"publish","type":"post","link":"https:\/\/www.kulturtechno.de\/?p=19060","title":{"rendered":"Armin-K\u00f6hler-Platz in Donaueschingen"},"content":{"rendered":"<p>Sch\u00f6ne Geste: Der langj\u00e4hrige Leiter der Donaueschinger Musiktage, der leider zu fr\u00fch gestorben ist, hat vor den Donauhallen einen Platz bekommen. Armin K\u00f6hler war auch mir ein Inspirator, F\u00f6rderer und Vermittler.<\/p>\n<p><a href=\"http:\/\/www.kreidler-net.de\/kulturtechno-files\/koehler-platz.jpg\" rel=\"lightbox[19060]\"><img loading=\"lazy\" decoding=\"async\" alt=\"\" src=\"http:\/\/www.kreidler-net.de\/kulturtechno-files\/koehler-platz.jpg\" class=\"alignnone\" width=\"500\" height=\"884\" \/><\/a><\/p>\n<p>Mit Dank an HT f\u00fcr das Foto.<\/p>\n","protected":false},"excerpt":{"rendered":"<p>Sch\u00f6ne Geste: Der langj\u00e4hrige Leiter der Donaueschinger Musiktage, der leider zu fr\u00fch gestorben ist, hat vor den Donauhallen einen Platz bekommen. Armin K\u00f6hler war auch mir ein Inspirator, F\u00f6rderer und Vermittler. Mit Dank an HT f\u00fcr das Foto.<\/p>\n","protected":false},"author":1,"featured_media":0,"comment_status":"open","ping_status":"open","sticky":false,"template":"","format":"standard","meta":{"_links_to":"","_links_to_target":"","footnotes":""},"categories":[4],"tags":[],"class_list":["post-19060","post","type-post","status-publish","format-standard","hentry","category-museum"],"_links":{"self":[{"href":"https:\/\/www.kulturtechno.de\/index.php?rest_route=\/wp\/v2\/posts\/19060"}],"collection":[{"href":"https:\/\/www.kulturtechno.de\/index.php?rest_route=\/wp\/v2\/posts"}],"about":[{"href":"https:\/\/www.kulturtechno.de\/index.php?rest_route=\/wp\/v2\/types\/post"}],"author":[{"embeddable":true,"href":"https:\/\/www.kulturtechno.de\/index.php?rest_route=\/wp\/v2\/users\/1"}],"replies":[{"embeddable":true,"href":"https:\/\/www.kulturtechno.de\/index.php?rest_route=%2Fwp%2Fv2%2Fcomments&post=19060"}],"version-history":[{"count":2,"href":"https:\/\/www.kulturtechno.de\/index.php?rest_route=\/wp\/v2\/posts\/19060\/revisions"}],"predecessor-version":[{"id":19062,"href":"https:\/\/www.kulturtechno.de\/index.php?rest_route=\/wp\/v2\/posts\/19060\/revisions\/19062"}],"wp:attachment":[{"href":"https:\/\/www.kulturtechno.de\/index.php?rest_route=%2Fwp%2Fv2%2Fmedia&parent=19060"}],"wp:term":[{"taxonomy":"category","embeddable":true,"href":"https:\/\/www.kulturtechno.de\/index.php?rest_route=%2Fwp%2Fv2%2Fcategories&post=19060"},{"taxonomy":"post_tag","embeddable":true,"href":"https:\/\/www.kulturtechno.de\/index.php?rest_route=%2Fwp%2Fv2%2Ftags&post=19060"}],"curies":[{"name":"wp","href":"https:\/\/api.w.org\/{rel}","templated":true}]}}