{"id":18146,"date":"2016-12-03T05:55:53","date_gmt":"2016-12-03T03:55:53","guid":{"rendered":"http:\/\/www.kulturtechno.de\/?p=18146"},"modified":"2016-12-03T11:53:51","modified_gmt":"2016-12-03T09:53:51","slug":"debatte-uber-kunst-und-fluchtlinge","status":"publish","type":"post","link":"https:\/\/www.kulturtechno.de\/?p=18146","title":{"rendered":"Debatte \u00fcber Kunst und Fl\u00fcchtlinge"},"content":{"rendered":"<p>Ein wichtiger Text im Art Magazin, der politische Kunst der letzten Zeit gegen ihre Ver\u00e4chter verteidigt.<\/p>\n<p><a href=\"http:\/\/static.art-magazin.de\/bilder\/53\/28\/37790\/article_image_medium\/03-zentrum-politische-schonheit-fluchtlinge-fressen-unspecified.jpg\" rel=\"lightbox[18146]\"><img loading=\"lazy\" decoding=\"async\" alt=\"\" src=\"http:\/\/static.art-magazin.de\/bilder\/53\/28\/37790\/article_image_medium\/03-zentrum-politische-schonheit-fluchtlinge-fressen-unspecified.jpg\" class=\"alignnone\" width=\"460\" height=\"306\" \/><\/a><\/p>\n<blockquote><p>Wenn K\u00fcnstler wie Ai Weiwei oder das Zentrum f\u00fcr politische Sch\u00f6nheit gegen Misst\u00e4nde protestieren, wie im Fall der europ\u00e4ischen Fl\u00fcchtlingspolitik, hagelt es regelm\u00e4\u00dfig Verrisse. Die Kunst sei skandalisierend, zu aggressiv und zu laut. Aber was anderes soll politische Kunst denn sein?<\/p><\/blockquote>\n<p><a href=\"http:\/\/www.art-magazin.de\/szene\/17480-rtkl-debatte-kunst-und-fluechtlinge-scheiss-auf-subtil?utm_campaign&#038;utm_source=facebook&#038;utm_medium=mweb_sharing\">http:\/\/www.art-magazin.de\/szene\/17480-rtkl-debatte-kunst-und-fluechtlinge-scheiss-auf-subtil?utm_campaign&#038;utm_source=facebook&#038;utm_medium=mweb_sharing<\/a><\/p>\n","protected":false},"excerpt":{"rendered":"<p>Ein wichtiger Text im Art Magazin, der politische Kunst der letzten Zeit gegen ihre Ver\u00e4chter verteidigt. Wenn K\u00fcnstler wie Ai Weiwei oder das Zentrum f\u00fcr politische Sch\u00f6nheit gegen Misst\u00e4nde protestieren, wie im Fall der europ\u00e4ischen Fl\u00fcchtlingspolitik, hagelt es regelm\u00e4\u00dfig Verrisse. Die Kunst sei skandalisierend, zu aggressiv und zu laut. Aber was anderes soll politische Kunst [&hellip;]<\/p>\n","protected":false},"author":1,"featured_media":0,"comment_status":"open","ping_status":"open","sticky":false,"template":"","format":"standard","meta":{"_links_to":"","_links_to_target":"","footnotes":""},"categories":[10],"tags":[],"class_list":["post-18146","post","type-post","status-publish","format-standard","hentry","category-aufklaerung"],"_links":{"self":[{"href":"https:\/\/www.kulturtechno.de\/index.php?rest_route=\/wp\/v2\/posts\/18146"}],"collection":[{"href":"https:\/\/www.kulturtechno.de\/index.php?rest_route=\/wp\/v2\/posts"}],"about":[{"href":"https:\/\/www.kulturtechno.de\/index.php?rest_route=\/wp\/v2\/types\/post"}],"author":[{"embeddable":true,"href":"https:\/\/www.kulturtechno.de\/index.php?rest_route=\/wp\/v2\/users\/1"}],"replies":[{"embeddable":true,"href":"https:\/\/www.kulturtechno.de\/index.php?rest_route=%2Fwp%2Fv2%2Fcomments&post=18146"}],"version-history":[{"count":3,"href":"https:\/\/www.kulturtechno.de\/index.php?rest_route=\/wp\/v2\/posts\/18146\/revisions"}],"predecessor-version":[{"id":18201,"href":"https:\/\/www.kulturtechno.de\/index.php?rest_route=\/wp\/v2\/posts\/18146\/revisions\/18201"}],"wp:attachment":[{"href":"https:\/\/www.kulturtechno.de\/index.php?rest_route=%2Fwp%2Fv2%2Fmedia&parent=18146"}],"wp:term":[{"taxonomy":"category","embeddable":true,"href":"https:\/\/www.kulturtechno.de\/index.php?rest_route=%2Fwp%2Fv2%2Fcategories&post=18146"},{"taxonomy":"post_tag","embeddable":true,"href":"https:\/\/www.kulturtechno.de\/index.php?rest_route=%2Fwp%2Fv2%2Ftags&post=18146"}],"curies":[{"name":"wp","href":"https:\/\/api.w.org\/{rel}","templated":true}]}}