{"id":15533,"date":"2015-07-17T05:33:51","date_gmt":"2015-07-17T03:33:51","guid":{"rendered":"http:\/\/www.kulturtechno.de\/?p=15533"},"modified":"2015-07-05T11:36:12","modified_gmt":"2015-07-05T09:36:12","slug":"immaterial-14","status":"publish","type":"post","link":"https:\/\/www.kulturtechno.de\/?p=15533","title":{"rendered":"Immaterial"},"content":{"rendered":"<p>Der Wert einer Theorie bemisst sich an ihrer Originalit\u00e4t und Fantasie, nicht nach Richtigkeit.<\/p>\n<p>Ein Aspekt von \u00c4sthetik beim Konzeptualismus: die Sch\u00f6nheit von Kreativit\u00e4t, von Innovation. So, wie wir uns freuen, so, wie wir es sch\u00f6n finden, wenn Kinder kreativ sind.<br \/>\nJede Innovation, sei sie noch so klein, ist eine Erweiterung des Denkens, F\u00fchlens, Wissens. Und man muss damit leben k\u00f6nnen, dass es Bombenbauanleitungen gibt. Konzeptualismus ist auch \u00c4sthetik des Aushaltens, Sostenuto.<br \/>\nBegierde \/ Arbeit<\/p>\n<p>Je unmusikalischer, desto besser: Destruktion der abendl\u00e4ndischen Metaphysik<br \/>\nEine gewaltige und gewaltt\u00e4tige Entzauberung<\/p>\n<p>Der Konzeptualismus ist eine Universalgeschichte der Gewalt<\/p>\n<p>Gewalt der Erziehung.<\/p>\n<p>Der prim\u00e4re Parameter der Konzeptmusik ist die Lautst\u00e4rke. Das Konzept des Bolero ist die stetige Lautst\u00e4rkezunahme, das von 4\u201833\u201c die Lautst\u00e4rke 0.<\/p>\n<p>&nbsp;<\/p>\n<p>&#8222;Immer wieder blitzt dabei, jenseits der Vereinzelung und Richtungslosigkeit unserer postmodernen Kultur, ein spannendes, noch lange nicht ersch\u00f6pftes Potenzial des Mensch-Seins auf.&#8220; (ZEIT, 30.10.14)<\/p>\n<p>\u201eDer Autor und Gestalttherapeut Frank-M. Staemmler ergr\u00fcndet, wie ein postmodernes Menschenbild aussehen kann und wie man dieses in der Psychotherapie ber\u00fccksichtigen sollte.\u201c (ZEIT 12.6.15)<\/p>\n<p>\u201eDenn abseits aller praktischen Erw\u00e4gungen ist das Heiraten doch eines: ein gro\u00dfes unmissverst\u00e4ndliches Symbol, anschlussf\u00e4hig auch in den postmodernsten Gesellschaften.\u201c (ZEIT 28.5.15)<\/p>\n<p>\u201e[Papst] Franziskus ist nicht modern, er ist postmodern.\u201c (ZEIT 5.4.15)<\/p>\n<p>\u201eDiese Multipolarit\u00e4t ist postmodern, da grenz\u00fcberschreitende nichtstaatliche Akteure \u2013 von multinationalen IT-Konzernen bis hin zu Dschihad-Terroristen \u2013 ebenfalls wichtige Rollen einnehmen.\u201c (ZEIT 8.11.14)<\/p>\n<p>\u201eDiese W\u00e4hler seien postmodern, sagt Staemmler, weil sie zu keinem Spektrum dauerhaft dazugeh\u00f6rten.\u201c (ZEIT 18.9.14)<\/p>\n<p>\u201eAuf der einen Seite steht die &#8222;postmoderne&#8220; Politik des 21. Jahrhunderts, die Welt der Verhandlungen, Kompromisse und Vertr\u00e4ge, auf der anderen Seite die Welt der klassischen Machtpolitik, deren Maximen f\u00fcr Moskau offenkundig nach wie vor handlungsleitend sind.\u201c (ZEIT 7.4.15)<\/p>\n<p>\u201eIn den Romanen der Gegenwart spielten demnach bunt gemischte, \u00fcber mehrere Kontinente und Kulturen nomadisierende Familiengeschichten eine zentrale Rolle, postkoloniales und postmodernes Patchwork, beschrieben von jungen Autoren, gerne mit afrikanischen oder asiatischen Wurzeln.\u201c (ZEIT 27.2.14)<\/p>\n<p>Wir leben in der Postmoderne.<br \/>\n<a href=\"http:\/\/www.kulturtechno.de\/?p=9761\">Postmoderne ist super!<\/a><\/p>\n","protected":false},"excerpt":{"rendered":"<p>Der Wert einer Theorie bemisst sich an ihrer Originalit\u00e4t und Fantasie, nicht nach Richtigkeit. Ein Aspekt von \u00c4sthetik beim Konzeptualismus: die Sch\u00f6nheit von Kreativit\u00e4t, von Innovation. So, wie wir uns freuen, so, wie wir es sch\u00f6n finden, wenn Kinder kreativ sind. Jede Innovation, sei sie noch so klein, ist eine Erweiterung des Denkens, F\u00fchlens, Wissens. [&hellip;]<\/p>\n","protected":false},"author":1,"featured_media":0,"comment_status":"open","ping_status":"open","sticky":false,"template":"","format":"standard","meta":{"_links_to":"","_links_to_target":"","footnotes":""},"categories":[19],"tags":[],"class_list":["post-15533","post","type-post","status-publish","format-standard","hentry","category-theorie"],"_links":{"self":[{"href":"https:\/\/www.kulturtechno.de\/index.php?rest_route=\/wp\/v2\/posts\/15533"}],"collection":[{"href":"https:\/\/www.kulturtechno.de\/index.php?rest_route=\/wp\/v2\/posts"}],"about":[{"href":"https:\/\/www.kulturtechno.de\/index.php?rest_route=\/wp\/v2\/types\/post"}],"author":[{"embeddable":true,"href":"https:\/\/www.kulturtechno.de\/index.php?rest_route=\/wp\/v2\/users\/1"}],"replies":[{"embeddable":true,"href":"https:\/\/www.kulturtechno.de\/index.php?rest_route=%2Fwp%2Fv2%2Fcomments&post=15533"}],"version-history":[{"count":3,"href":"https:\/\/www.kulturtechno.de\/index.php?rest_route=\/wp\/v2\/posts\/15533\/revisions"}],"predecessor-version":[{"id":15536,"href":"https:\/\/www.kulturtechno.de\/index.php?rest_route=\/wp\/v2\/posts\/15533\/revisions\/15536"}],"wp:attachment":[{"href":"https:\/\/www.kulturtechno.de\/index.php?rest_route=%2Fwp%2Fv2%2Fmedia&parent=15533"}],"wp:term":[{"taxonomy":"category","embeddable":true,"href":"https:\/\/www.kulturtechno.de\/index.php?rest_route=%2Fwp%2Fv2%2Fcategories&post=15533"},{"taxonomy":"post_tag","embeddable":true,"href":"https:\/\/www.kulturtechno.de\/index.php?rest_route=%2Fwp%2Fv2%2Ftags&post=15533"}],"curies":[{"name":"wp","href":"https:\/\/api.w.org\/{rel}","templated":true}]}}