{"id":15504,"date":"2015-07-09T05:20:12","date_gmt":"2015-07-09T03:20:12","guid":{"rendered":"http:\/\/www.kulturtechno.de\/?p=15504"},"modified":"2015-07-05T11:21:54","modified_gmt":"2015-07-05T09:21:54","slug":"immaterial-6","status":"publish","type":"post","link":"https:\/\/www.kulturtechno.de\/?p=15504","title":{"rendered":"Immaterial"},"content":{"rendered":"<p>Das Konzept ist eine feste Form und zugleich Teil eines Gr\u00f6\u00dferen, eines Zusammenhangs ebenso wie konkretes Exemplar einer starken Abstraktion, ein Individuum, aber gezeugt und zeugend einen theoretischen Fundus. Jedes einzelne Konzept verweist auf den Konzeptualismus, auf die Maschine, auf eine Relation von sinnlicher Erfahrung \/ von H\u00f6ren und Wissen.<\/p>\n<p>Kein Konzept ohne Konzeptualismus.<\/p>\n<p>Exemplar und dahinterstehendes Konzept. Exemplarismus. Exemplarbeit.<br \/>\nDas Exemplar, beziehungsweise erst in der Mehrzahl, mehrere Exemplare verweisen auf ein (1) Konzept. Konzepte wiederum verweisen auf den Konzeptualismus. Und dieses Ganze IST das Wesen des Konzeptualismus: Konkretionen und Abstraktionen erfahrbar \/ transparent \/ autoreflexiv zu machen. Transparanthese. Die Differenz von Medium und Form, die ihrerseits medial wird (Luhmann). Ein Konzept ist eine Idee, die \u201edie Mittel zu ihrer eigenen Definition gefunden hat\u201c. (Deleuze)<\/p>\n<p>Das Modell, das umgesetzt wird.<br \/>\nDer Umsatz<br \/>\nDas Gesch\u00e4ftsmodell<br \/>\nDas Prinzip<br \/>\nDer Verweis<br \/>\nDer Link<br \/>\nStrukturinformationen<br \/>\nWarum geht das gut \/ besser im Medium des Begrifflichen. Warum dann Musik.<\/p>\n<p>Warum heute Konzeptmusik.<br \/>\nIn einer durchdrungenen Postmoderne, inmitten der Digitalen Revolution. Im Zeitalter der \u201eGesch\u00e4ftsmodelle\u201c, also der Konzepte.<br \/>\nDas Gesch\u00e4ftskonzept<br \/>\nDerrida und Habermas: Das Konzept des 11. September<\/p>\n<p><a href=\"http:\/\/www.kulturtechno.de\/images\/9782718606200.jpg\" rel=\"lightbox[15504]\"><img loading=\"lazy\" decoding=\"async\" class=\"alignnone size-full wp-image-15505\" title=\"9782718606200\" src=\"http:\/\/www.kulturtechno.de\/images\/9782718606200.jpg\" alt=\"\" width=\"227\" height=\"365\" srcset=\"https:\/\/www.kulturtechno.de\/images\/9782718606200.jpg 227w, https:\/\/www.kulturtechno.de\/images\/9782718606200-93x150.jpg 93w, https:\/\/www.kulturtechno.de\/images\/9782718606200-186x300.jpg 186w\" sizes=\"(max-width: 227px) 100vw, 227px\" \/><\/a><\/p>\n<p>Memes, der Konzeptualismus der digitalen Popkultur<\/p>\n<p>Der NK repr\u00e4sentiert etwas gr\u00f6\u00dferes.<br \/>\nMarxistische Erkl\u00e4rung: Strukturanalogie. Ideologie sagt niemand mehr, zu gro\u00df. Aber man hat Konzepte f\u00fcr dies und das.<\/p>\n","protected":false},"excerpt":{"rendered":"<p>Das Konzept ist eine feste Form und zugleich Teil eines Gr\u00f6\u00dferen, eines Zusammenhangs ebenso wie konkretes Exemplar einer starken Abstraktion, ein Individuum, aber gezeugt und zeugend einen theoretischen Fundus. Jedes einzelne Konzept verweist auf den Konzeptualismus, auf die Maschine, auf eine Relation von sinnlicher Erfahrung \/ von H\u00f6ren und Wissen. Kein Konzept ohne Konzeptualismus. Exemplar [&hellip;]<\/p>\n","protected":false},"author":1,"featured_media":0,"comment_status":"open","ping_status":"open","sticky":false,"template":"","format":"standard","meta":{"_links_to":"","_links_to_target":"","footnotes":""},"categories":[19],"tags":[],"class_list":["post-15504","post","type-post","status-publish","format-standard","hentry","category-theorie"],"_links":{"self":[{"href":"https:\/\/www.kulturtechno.de\/index.php?rest_route=\/wp\/v2\/posts\/15504"}],"collection":[{"href":"https:\/\/www.kulturtechno.de\/index.php?rest_route=\/wp\/v2\/posts"}],"about":[{"href":"https:\/\/www.kulturtechno.de\/index.php?rest_route=\/wp\/v2\/types\/post"}],"author":[{"embeddable":true,"href":"https:\/\/www.kulturtechno.de\/index.php?rest_route=\/wp\/v2\/users\/1"}],"replies":[{"embeddable":true,"href":"https:\/\/www.kulturtechno.de\/index.php?rest_route=%2Fwp%2Fv2%2Fcomments&post=15504"}],"version-history":[{"count":2,"href":"https:\/\/www.kulturtechno.de\/index.php?rest_route=\/wp\/v2\/posts\/15504\/revisions"}],"predecessor-version":[{"id":15507,"href":"https:\/\/www.kulturtechno.de\/index.php?rest_route=\/wp\/v2\/posts\/15504\/revisions\/15507"}],"wp:attachment":[{"href":"https:\/\/www.kulturtechno.de\/index.php?rest_route=%2Fwp%2Fv2%2Fmedia&parent=15504"}],"wp:term":[{"taxonomy":"category","embeddable":true,"href":"https:\/\/www.kulturtechno.de\/index.php?rest_route=%2Fwp%2Fv2%2Fcategories&post=15504"},{"taxonomy":"post_tag","embeddable":true,"href":"https:\/\/www.kulturtechno.de\/index.php?rest_route=%2Fwp%2Fv2%2Ftags&post=15504"}],"curies":[{"name":"wp","href":"https:\/\/api.w.org\/{rel}","templated":true}]}}