{"id":15330,"date":"2015-06-03T05:51:57","date_gmt":"2015-06-03T03:51:57","guid":{"rendered":"http:\/\/www.kulturtechno.de\/?p=15330"},"modified":"2015-06-02T22:54:09","modified_gmt":"2015-06-02T20:54:09","slug":"radiosendung-uber-mein-orchesterstuck-minusbolero","status":"publish","type":"post","link":"https:\/\/www.kulturtechno.de\/?p=15330","title":{"rendered":"Radiosendung \u00fcber mein Orchesterst\u00fcck &#8222;Minusbolero&#8220;"},"content":{"rendered":"<p>Heute Nacht um 0.05h sendet DeutschlandRadio Kultur ein Feature von Carolin Naujocks \u00fcber mein Orchesterst\u00fcck &#8222;Minusbolero&#8220; (Kulturtechno <a href=\"http:\/\/www.kulturtechno.de\/?p=14918\">fr\u00fcher<\/a>). Darin auch ein Interview mit Kreidler.<\/p>\n<p>Livestrom:<br \/>\n<a href=\"http:\/\/dradio_mp3_dkultur_m.akacast.akamaistream.net\/7\/530\/142684\/v1\/gnl.akacast.akamaistream.net\/dradio_mp3_dkultur_m\">http:\/\/dradio_mp3_dkultur_m.akacast.akamaistream.net\/7\/530\/142684\/v1\/gnl.akacast.akamaistream.net\/dradio_mp3_dkultur_m<\/a><\/p>\n","protected":false},"excerpt":{"rendered":"<p>Heute Nacht um 0.05h sendet DeutschlandRadio Kultur ein Feature von Carolin Naujocks \u00fcber mein Orchesterst\u00fcck &#8222;Minusbolero&#8220; (Kulturtechno fr\u00fcher). Darin auch ein Interview mit Kreidler. Livestrom: http:\/\/dradio_mp3_dkultur_m.akacast.akamaistream.net\/7\/530\/142684\/v1\/gnl.akacast.akamaistream.net\/dradio_mp3_dkultur_m<\/p>\n","protected":false},"author":1,"featured_media":0,"comment_status":"open","ping_status":"open","sticky":false,"template":"","format":"standard","meta":{"_links_to":"","_links_to_target":"","footnotes":""},"categories":[3],"tags":[],"class_list":["post-15330","post","type-post","status-publish","format-standard","hentry","category-id"],"_links":{"self":[{"href":"https:\/\/www.kulturtechno.de\/index.php?rest_route=\/wp\/v2\/posts\/15330"}],"collection":[{"href":"https:\/\/www.kulturtechno.de\/index.php?rest_route=\/wp\/v2\/posts"}],"about":[{"href":"https:\/\/www.kulturtechno.de\/index.php?rest_route=\/wp\/v2\/types\/post"}],"author":[{"embeddable":true,"href":"https:\/\/www.kulturtechno.de\/index.php?rest_route=\/wp\/v2\/users\/1"}],"replies":[{"embeddable":true,"href":"https:\/\/www.kulturtechno.de\/index.php?rest_route=%2Fwp%2Fv2%2Fcomments&post=15330"}],"version-history":[{"count":1,"href":"https:\/\/www.kulturtechno.de\/index.php?rest_route=\/wp\/v2\/posts\/15330\/revisions"}],"predecessor-version":[{"id":15331,"href":"https:\/\/www.kulturtechno.de\/index.php?rest_route=\/wp\/v2\/posts\/15330\/revisions\/15331"}],"wp:attachment":[{"href":"https:\/\/www.kulturtechno.de\/index.php?rest_route=%2Fwp%2Fv2%2Fmedia&parent=15330"}],"wp:term":[{"taxonomy":"category","embeddable":true,"href":"https:\/\/www.kulturtechno.de\/index.php?rest_route=%2Fwp%2Fv2%2Fcategories&post=15330"},{"taxonomy":"post_tag","embeddable":true,"href":"https:\/\/www.kulturtechno.de\/index.php?rest_route=%2Fwp%2Fv2%2Ftags&post=15330"}],"curies":[{"name":"wp","href":"https:\/\/api.w.org\/{rel}","templated":true}]}}