{"id":14723,"date":"2015-02-13T05:11:43","date_gmt":"2015-02-13T03:11:43","guid":{"rendered":"http:\/\/www.kulturtechno.de\/?p=14723"},"modified":"2015-02-13T09:26:24","modified_gmt":"2015-02-13T07:26:24","slug":"digitalisierung-gehaltsasthetische-wende-konzeptmusik-diesseitigkeit-lehmanns-von-den-musiktexten-verhinderter-text","status":"publish","type":"post","link":"https:\/\/www.kulturtechno.de\/?p=14723","title":{"rendered":"Digitalisierung, gehalts\u00e4sthetische Wende, Konzeptmusik, Diesseitigkeit &#8211; Lehmanns von den MusikTexten verhinderter Text"},"content":{"rendered":"<p>Der Text von Harry Lehmann, den die <a href=\"http:\/\/musiktexte.de\/\">MusikTexte<\/a>  verweigerte abzudrucken, erscheint nun dieser Tage im Bad Blog of Music, in vier Teilen:<\/p>\n<p><a href=\"http:\/\/blogs.nmz.de\/badblog\/2015\/01\/29\/eulen-wahrscheinlichkeitsrechnung-und-nazivergleiche-teil-1-gastbeitrag-von-harry-lehmann\/\">http:\/\/blogs.nmz.de\/badblog\/2015\/01\/29\/eulen-wahrscheinlichkeitsrechnung-und-nazivergleiche-teil-1-gastbeitrag-von-harry-lehmann\/<\/a><\/p>\n<p>Dazu druckt die Februar-Ausgabe der Neuen Musikzeitung eine k\u00fcrzere Zusammenfassung der Debatte. (<a href=\"http:\/\/www.nmz.de\/artikel\/im-windschatten-der-digitalen-revolution\">hier online<\/a>)<\/p>\n<blockquote><p>\nSeit etwa sieben Jahren gibt es in der Neuen Musik eine Diskussion, an welcher alle einschl\u00e4gigen deutschsprachigen Musikjournale beteiligt sind und in deren Verlauf sich bislang an die 30 Autoren zu Wort gemeldet haben. Ausgel\u00f6st wurde sie durch ein Gedankenexperiment \u00fcber die m\u00f6glichen Folgen der Digitalisierung in der Neuen Musik, das ich auf der Fr\u00fchjahrstagung in Darmstadt 2008 angestellt hatte, welches zwei Jahre sp\u00e4ter zu dem von Claus-Steffen Mahnkopf initiierten Band \u201eMusik, \u00c4sthetik, Digitalisierung \u2013 Eine Kontroverse\u201c f\u00fchrte.<br \/>\n[&#8230;]<br \/>\nUm einen atmosph\u00e4rischen Eindruck zu vermitteln, wie man in dieser ersten Phase der Debatte auf das Reizwort \u201aDigitalisierung\u2018 reagierte, sei daran erinnert, dass Max Nyffeler in seiner nmz-Kolumne \u201ewww.beckmesser.de\u201c mit der Faschismuskeule vor den \u201eNeofuturisten\u201c warnte, und zwar mit dem Hinweis, dass die Futuristen von einst als Mussolini-Verehrer endeten; dass Reinhard Oehlschl\u00e4gel von den \u201eMusik-Texten\u201c die Aufregung um die Digitalisierung f\u00fcr \u00fcbertrieben hielt, weil wir uns \u00fcberhaupt nicht in einem Zeitalter der digitalen \u201eRevolution\u201c bef\u00e4nden, sondern h\u00f6chstens von einer digitalen \u201eEvolution\u201c die Rede sein k\u00f6nne; und Volker Straebel meinte gar, die digitale Revolution w\u00e4re schon zu Ende, weil es Stimmen in der elektroakustischen Musik gibt, die von \u201epostdigitaler Musik\u201c sprechen.<\/p><\/blockquote>\n","protected":false},"excerpt":{"rendered":"<p>Der Text von Harry Lehmann, den die MusikTexte verweigerte abzudrucken, erscheint nun dieser Tage im Bad Blog of Music, in vier Teilen: http:\/\/blogs.nmz.de\/badblog\/2015\/01\/29\/eulen-wahrscheinlichkeitsrechnung-und-nazivergleiche-teil-1-gastbeitrag-von-harry-lehmann\/ Dazu druckt die Februar-Ausgabe der Neuen Musikzeitung eine k\u00fcrzere Zusammenfassung der Debatte. (hier online) Seit etwa sieben Jahren gibt es in der Neuen Musik eine Diskussion, an welcher alle einschl\u00e4gigen deutschsprachigen Musikjournale [&hellip;]<\/p>\n","protected":false},"author":1,"featured_media":0,"comment_status":"open","ping_status":"open","sticky":false,"template":"","format":"standard","meta":{"_links_to":"","_links_to_target":"","footnotes":""},"categories":[15],"tags":[],"class_list":["post-14723","post","type-post","status-publish","format-standard","hentry","category-kritik-der-reinen-vernunft"],"_links":{"self":[{"href":"https:\/\/www.kulturtechno.de\/index.php?rest_route=\/wp\/v2\/posts\/14723"}],"collection":[{"href":"https:\/\/www.kulturtechno.de\/index.php?rest_route=\/wp\/v2\/posts"}],"about":[{"href":"https:\/\/www.kulturtechno.de\/index.php?rest_route=\/wp\/v2\/types\/post"}],"author":[{"embeddable":true,"href":"https:\/\/www.kulturtechno.de\/index.php?rest_route=\/wp\/v2\/users\/1"}],"replies":[{"embeddable":true,"href":"https:\/\/www.kulturtechno.de\/index.php?rest_route=%2Fwp%2Fv2%2Fcomments&post=14723"}],"version-history":[{"count":15,"href":"https:\/\/www.kulturtechno.de\/index.php?rest_route=\/wp\/v2\/posts\/14723\/revisions"}],"predecessor-version":[{"id":14815,"href":"https:\/\/www.kulturtechno.de\/index.php?rest_route=\/wp\/v2\/posts\/14723\/revisions\/14815"}],"wp:attachment":[{"href":"https:\/\/www.kulturtechno.de\/index.php?rest_route=%2Fwp%2Fv2%2Fmedia&parent=14723"}],"wp:term":[{"taxonomy":"category","embeddable":true,"href":"https:\/\/www.kulturtechno.de\/index.php?rest_route=%2Fwp%2Fv2%2Fcategories&post=14723"},{"taxonomy":"post_tag","embeddable":true,"href":"https:\/\/www.kulturtechno.de\/index.php?rest_route=%2Fwp%2Fv2%2Ftags&post=14723"}],"curies":[{"name":"wp","href":"https:\/\/api.w.org\/{rel}","templated":true}]}}