{"id":12975,"date":"2014-04-30T05:17:47","date_gmt":"2014-04-30T03:17:47","guid":{"rendered":"http:\/\/www.kulturtechno.de\/?p=12975"},"modified":"2014-04-28T19:20:52","modified_gmt":"2014-04-28T17:20:52","slug":"keyboardmusik-von-wasslijew-und-vaz","status":"publish","type":"post","link":"https:\/\/www.kulturtechno.de\/?p=12975","title":{"rendered":"Keyboardmusik von Wassiljew und Vaz"},"content":{"rendered":"<p>Aus der aktuellen Keyboardliteratur zwei bemerkenswerte St\u00fccke:<\/p>\n<p><iframe loading=\"lazy\" width=\"100%\" height=\"450\" scrolling=\"no\" frameborder=\"no\" src=\"https:\/\/w.soundcloud.com\/player\/?url=https%3A\/\/api.soundcloud.com\/tracks\/145818784&amp;auto_play=false&amp;hide_related=false&amp;visual=true\"><\/iframe><\/p>\n<blockquote><p>\nHenrique Vaz: Black MIDI (2013)<br \/>\nDuo piece for Piano + Dispositive (eccentric rotating mass vibrating motors &#8211; amplitude: from 6G to 13G} &#038; MIDI Keyboard.<\/p>\n<p>Piano &#038; MIDI Keyboard: Henrique Vaz\n<\/p><\/blockquote>\n<p><iframe loading=\"lazy\" width=\"500\" height=\"281\" src=\"\/\/www.youtube.com\/embed\/9YRFNzSoeCs\" frameborder=\"0\" allowfullscreen><\/iframe><\/p>\n<blockquote><p>Anton Wassiljew &#8211; Keyboardst\u00fcck III (2011-2014)<\/p>\n<p>Keyboard, Sebastian Berweck<br \/>\n14.04.2014 Konzertsaal der Hochschule f\u00fcr K\u00fcnste Bremen<\/p><\/blockquote>\n","protected":false},"excerpt":{"rendered":"<p>Aus der aktuellen Keyboardliteratur zwei bemerkenswerte St\u00fccke: Henrique Vaz: Black MIDI (2013) Duo piece for Piano + Dispositive (eccentric rotating mass vibrating motors &#8211; amplitude: from 6G to 13G} &#038; MIDI Keyboard. Piano &#038; MIDI Keyboard: Henrique Vaz Anton Wassiljew &#8211; Keyboardst\u00fcck III (2011-2014) Keyboard, Sebastian Berweck 14.04.2014 Konzertsaal der Hochschule f\u00fcr K\u00fcnste Bremen<\/p>\n","protected":false},"author":1,"featured_media":0,"comment_status":"open","ping_status":"open","sticky":false,"template":"","format":"standard","meta":{"_links_to":"","_links_to_target":"","footnotes":""},"categories":[4],"tags":[],"class_list":["post-12975","post","type-post","status-publish","format-standard","hentry","category-museum"],"_links":{"self":[{"href":"https:\/\/www.kulturtechno.de\/index.php?rest_route=\/wp\/v2\/posts\/12975"}],"collection":[{"href":"https:\/\/www.kulturtechno.de\/index.php?rest_route=\/wp\/v2\/posts"}],"about":[{"href":"https:\/\/www.kulturtechno.de\/index.php?rest_route=\/wp\/v2\/types\/post"}],"author":[{"embeddable":true,"href":"https:\/\/www.kulturtechno.de\/index.php?rest_route=\/wp\/v2\/users\/1"}],"replies":[{"embeddable":true,"href":"https:\/\/www.kulturtechno.de\/index.php?rest_route=%2Fwp%2Fv2%2Fcomments&post=12975"}],"version-history":[{"count":3,"href":"https:\/\/www.kulturtechno.de\/index.php?rest_route=\/wp\/v2\/posts\/12975\/revisions"}],"predecessor-version":[{"id":12977,"href":"https:\/\/www.kulturtechno.de\/index.php?rest_route=\/wp\/v2\/posts\/12975\/revisions\/12977"}],"wp:attachment":[{"href":"https:\/\/www.kulturtechno.de\/index.php?rest_route=%2Fwp%2Fv2%2Fmedia&parent=12975"}],"wp:term":[{"taxonomy":"category","embeddable":true,"href":"https:\/\/www.kulturtechno.de\/index.php?rest_route=%2Fwp%2Fv2%2Fcategories&post=12975"},{"taxonomy":"post_tag","embeddable":true,"href":"https:\/\/www.kulturtechno.de\/index.php?rest_route=%2Fwp%2Fv2%2Ftags&post=12975"}],"curies":[{"name":"wp","href":"https:\/\/api.w.org\/{rel}","templated":true}]}}