{"id":12966,"date":"2014-04-28T05:10:00","date_gmt":"2014-04-28T03:10:00","guid":{"rendered":"http:\/\/www.kulturtechno.de\/?p=12966"},"modified":"2014-04-28T22:18:48","modified_gmt":"2014-04-28T20:18:48","slug":"kreidler-diskutiert-lobo-vortrag","status":"publish","type":"post","link":"https:\/\/www.kulturtechno.de\/?p=12966","title":{"rendered":"Kreidler diskutiert Lobo-Vortrag"},"content":{"rendered":"<p>Demn\u00e4chst startet wieder die j\u00e4hrliche Bloggerkonferenz <a href=\"http:\/\/re-publica.de\/\">re:publica<\/a>. Diesmal wird die Konferenz von <a href=\"http:\/\/voicerepublic.com\/\">voicerepublic.com<\/a> \u00fcbertragen, und ich werde im Anschluss an den mit Spannung erwarteten <a href=\"https:\/\/re-publica.de\/user\/235\/event\/1\">Vortrag von Sascha Lobo<\/a> am 6.5. um 17.30h dort mit allen, die dabei sein wollen, diskutieren.<br \/>\nAndere Vortr\u00e4ge wird Stefan Hetzel <a href=\"http:\/\/stefanhetzel.wordpress.com\/2014\/04\/20\/hetzels-republica\/\">nach-diskutieren<\/a>.<\/p>\n<p>Voicerepublic hat auch die letztens stattgefundene Darmst\u00e4dter Fr\u00fchjahrstagung f\u00fcr Neue Musik \u00fcbertragen, und kann allgemein als Dienstleister zB f\u00fcr die \u00dcbertragung von Konferenzen im Netz verstanden werden. Ich habe mich schon oft ge\u00e4rgert und mit Veranstaltern dar\u00fcber gesprochen, dass Konferenzen und Symposien, die ja doch einiges Geld kosten und wo nachher aber oft nur 15 Hansel im Publikum sitzen, nicht online gestellt werden, wo es bestimmt noch ein paar Leute mehr gibt, die sich f\u00fcr die Vortr\u00e4ge interessieren w\u00fcrden. Da hei\u00dft es oft, das ist ihnen zu viel Aufwand. Dann m\u00f6gen sie bitte in Zukunft sich an voicerepublic.com wenden!<\/p>\n<p>Voicerepublic wurde neben anderen vom Komponisten <a href=\"http:\/\/patrickfrank.neuemusik.ch\/site\/\">Patrick Frank<\/a> gegr\u00fcndet, der dazu in der letzten Ausgabe der Neuen Zeitschrift f\u00fcr Musik einen Artikel geschrieben hat.<\/p>\n<p>Update: Hier der Link zu der Diskussion:<br \/>\n<a href=\"https:\/\/voicerepublic.com\/venues\/174\/talks\/119\">https:\/\/voicerepublic.com\/venues\/174\/talks\/119<\/a><\/p>\n","protected":false},"excerpt":{"rendered":"<p>Demn\u00e4chst startet wieder die j\u00e4hrliche Bloggerkonferenz re:publica. Diesmal wird die Konferenz von voicerepublic.com \u00fcbertragen, und ich werde im Anschluss an den mit Spannung erwarteten Vortrag von Sascha Lobo am 6.5. um 17.30h dort mit allen, die dabei sein wollen, diskutieren. Andere Vortr\u00e4ge wird Stefan Hetzel nach-diskutieren. Voicerepublic hat auch die letztens stattgefundene Darmst\u00e4dter Fr\u00fchjahrstagung f\u00fcr [&hellip;]<\/p>\n","protected":false},"author":1,"featured_media":0,"comment_status":"open","ping_status":"open","sticky":false,"template":"","format":"standard","meta":{"_links_to":"","_links_to_target":"","footnotes":""},"categories":[3],"tags":[],"class_list":["post-12966","post","type-post","status-publish","format-standard","hentry","category-id"],"_links":{"self":[{"href":"https:\/\/www.kulturtechno.de\/index.php?rest_route=\/wp\/v2\/posts\/12966"}],"collection":[{"href":"https:\/\/www.kulturtechno.de\/index.php?rest_route=\/wp\/v2\/posts"}],"about":[{"href":"https:\/\/www.kulturtechno.de\/index.php?rest_route=\/wp\/v2\/types\/post"}],"author":[{"embeddable":true,"href":"https:\/\/www.kulturtechno.de\/index.php?rest_route=\/wp\/v2\/users\/1"}],"replies":[{"embeddable":true,"href":"https:\/\/www.kulturtechno.de\/index.php?rest_route=%2Fwp%2Fv2%2Fcomments&post=12966"}],"version-history":[{"count":7,"href":"https:\/\/www.kulturtechno.de\/index.php?rest_route=\/wp\/v2\/posts\/12966\/revisions"}],"predecessor-version":[{"id":12995,"href":"https:\/\/www.kulturtechno.de\/index.php?rest_route=\/wp\/v2\/posts\/12966\/revisions\/12995"}],"wp:attachment":[{"href":"https:\/\/www.kulturtechno.de\/index.php?rest_route=%2Fwp%2Fv2%2Fmedia&parent=12966"}],"wp:term":[{"taxonomy":"category","embeddable":true,"href":"https:\/\/www.kulturtechno.de\/index.php?rest_route=%2Fwp%2Fv2%2Fcategories&post=12966"},{"taxonomy":"post_tag","embeddable":true,"href":"https:\/\/www.kulturtechno.de\/index.php?rest_route=%2Fwp%2Fv2%2Ftags&post=12966"}],"curies":[{"name":"wp","href":"https:\/\/api.w.org\/{rel}","templated":true}]}}