{"id":12961,"date":"2014-04-27T05:01:19","date_gmt":"2014-04-27T03:01:19","guid":{"rendered":"http:\/\/www.kulturtechno.de\/?p=12961"},"modified":"2014-04-29T09:13:22","modified_gmt":"2014-04-29T07:13:22","slug":"warum-hohe-und-tiefe-tone-als-hoch-und-tief-bezeichnet-werden","status":"publish","type":"post","link":"https:\/\/www.kulturtechno.de\/?p=12961","title":{"rendered":"Warum hohe und tiefe T\u00f6ne als &#8222;hoch&#8220; und &#8222;tief&#8220; bezeichnet werden"},"content":{"rendered":"<p>Mir kamen die Bezeichnungen &#8222;hoch&#8220; und &#8222;tief&#8220; f\u00fcr Tonh\u00f6hen (&#8222;pitch&#8220;) immer willk\u00fcrlich vor. In anderen Kulturen hei\u00dft das etwa:<\/p>\n<p>schwer-scharf (alte Griechen)<br \/>\nstark-schwach (Flathead Indianer)<br \/>\nfett-d\u00fcnn (Bashi Indianer)<br \/>\nschwarz-wei\u00df (Lau-Volk, Solomon-Inseln)<\/p>\n<p>Vor Jahren sagte mir ein S\u00e4nger, unsere Bezeichnung k\u00e4me daher, weil man fr\u00fcher je nach Tonh\u00f6he den Mund mehr nach oben oder unten gestreckt habe. Habe davon aber noch nie was gelesen. Jetzt gibt es eine interessante Untersuchung, die zum Ergebnis hat:<\/p>\n<blockquote><p>In der Tat erklingen hochfrequente T\u00f6ne in der Natur \u2013 wie beispielsweise Vogelzwitschern oder Bl\u00e4tterrauschen &#8211; h\u00e4ufiger von einer h\u00f6heren Position im Raum. Tiefer t\u00f6nende Ger\u00e4usche wie Hundebellen dagegen h\u00e4ufiger von weiter unten.<\/p><\/blockquote>\n<p><a href=\"http:\/\/www.scinexx.de\/wissen-aktuell-17437-2014-04-09.html\">http:\/\/www.scinexx.de\/wissen-aktuell-17437-2014-04-09.html<\/a><\/p>\n","protected":false},"excerpt":{"rendered":"<p>Mir kamen die Bezeichnungen &#8222;hoch&#8220; und &#8222;tief&#8220; f\u00fcr Tonh\u00f6hen (&#8222;pitch&#8220;) immer willk\u00fcrlich vor. In anderen Kulturen hei\u00dft das etwa: schwer-scharf (alte Griechen) stark-schwach (Flathead Indianer) fett-d\u00fcnn (Bashi Indianer) schwarz-wei\u00df (Lau-Volk, Solomon-Inseln) Vor Jahren sagte mir ein S\u00e4nger, unsere Bezeichnung k\u00e4me daher, weil man fr\u00fcher je nach Tonh\u00f6he den Mund mehr nach oben oder unten gestreckt [&hellip;]<\/p>\n","protected":false},"author":1,"featured_media":0,"comment_status":"open","ping_status":"open","sticky":false,"template":"","format":"standard","meta":{"_links_to":"","_links_to_target":"","footnotes":""},"categories":[10],"tags":[],"class_list":["post-12961","post","type-post","status-publish","format-standard","hentry","category-aufklaerung"],"_links":{"self":[{"href":"https:\/\/www.kulturtechno.de\/index.php?rest_route=\/wp\/v2\/posts\/12961"}],"collection":[{"href":"https:\/\/www.kulturtechno.de\/index.php?rest_route=\/wp\/v2\/posts"}],"about":[{"href":"https:\/\/www.kulturtechno.de\/index.php?rest_route=\/wp\/v2\/types\/post"}],"author":[{"embeddable":true,"href":"https:\/\/www.kulturtechno.de\/index.php?rest_route=\/wp\/v2\/users\/1"}],"replies":[{"embeddable":true,"href":"https:\/\/www.kulturtechno.de\/index.php?rest_route=%2Fwp%2Fv2%2Fcomments&post=12961"}],"version-history":[{"count":3,"href":"https:\/\/www.kulturtechno.de\/index.php?rest_route=\/wp\/v2\/posts\/12961\/revisions"}],"predecessor-version":[{"id":12998,"href":"https:\/\/www.kulturtechno.de\/index.php?rest_route=\/wp\/v2\/posts\/12961\/revisions\/12998"}],"wp:attachment":[{"href":"https:\/\/www.kulturtechno.de\/index.php?rest_route=%2Fwp%2Fv2%2Fmedia&parent=12961"}],"wp:term":[{"taxonomy":"category","embeddable":true,"href":"https:\/\/www.kulturtechno.de\/index.php?rest_route=%2Fwp%2Fv2%2Fcategories&post=12961"},{"taxonomy":"post_tag","embeddable":true,"href":"https:\/\/www.kulturtechno.de\/index.php?rest_route=%2Fwp%2Fv2%2Ftags&post=12961"}],"curies":[{"name":"wp","href":"https:\/\/api.w.org\/{rel}","templated":true}]}}