{"id":12785,"date":"2014-03-26T05:53:25","date_gmt":"2014-03-26T03:53:25","guid":{"rendered":"http:\/\/www.kulturtechno.de\/?p=12785"},"modified":"2014-03-23T15:04:13","modified_gmt":"2014-03-23T13:04:13","slug":"komponistenprasentationen-dokus","status":"publish","type":"post","link":"https:\/\/www.kulturtechno.de\/?p=12785","title":{"rendered":"Komponistenpr\u00e4sentationen &#038; -dokus"},"content":{"rendered":"<p>Der Verband f\u00fcr aktuelle Musik Hamburg l\u00e4dt seit Jahren Komponisten ein, um ihre Arbeit zu pr\u00e4sentieren. Und erfreulicherweise dokumentieren sie diese Veranstaltungen auch und stellen sie ins Netz. So leicht geht Vermittlung &#8211; und so lohnt die Arbeit und das Geld auch wirklich.<\/p>\n<p><a href=\"http:\/\/vimeo.com\/vamhpresentations\/videos\">http:\/\/vimeo.com\/vamhpresentations\/videos<\/a><\/p>\n<p>Des weiteren gibt es eine franz\u00f6sische Initiative f\u00fcr Videoportraits von Komponisten:<br \/>\n<a href=\"http:\/\/vimeo.com\/user19722240\/videos\"><br \/>\nhttp:\/\/vimeo.com\/user19722240\/videos<\/a><\/p>\n<p>Und die DEGEM (Deutsche Gesellschaft f\u00fcr Elektroakustische Musik) hat nun auch einen YouTube-Channel:<br \/>\n<a href=\"http:\/\/www.degem.de\/news\/degem-youtube-channel.html\">http:\/\/www.degem.de\/news\/degem-youtube-channel.html<\/a><\/p>\n<p>Vielen Dank, weiter so, es m\u00fcsste davon noch viel mehr geben.<\/p>\n","protected":false},"excerpt":{"rendered":"<p>Der Verband f\u00fcr aktuelle Musik Hamburg l\u00e4dt seit Jahren Komponisten ein, um ihre Arbeit zu pr\u00e4sentieren. Und erfreulicherweise dokumentieren sie diese Veranstaltungen auch und stellen sie ins Netz. So leicht geht Vermittlung &#8211; und so lohnt die Arbeit und das Geld auch wirklich. http:\/\/vimeo.com\/vamhpresentations\/videos Des weiteren gibt es eine franz\u00f6sische Initiative f\u00fcr Videoportraits von Komponisten: [&hellip;]<\/p>\n","protected":false},"author":1,"featured_media":0,"comment_status":"open","ping_status":"open","sticky":false,"template":"","format":"standard","meta":{"_links_to":"","_links_to_target":"","footnotes":""},"categories":[10],"tags":[],"class_list":["post-12785","post","type-post","status-publish","format-standard","hentry","category-aufklaerung"],"_links":{"self":[{"href":"https:\/\/www.kulturtechno.de\/index.php?rest_route=\/wp\/v2\/posts\/12785"}],"collection":[{"href":"https:\/\/www.kulturtechno.de\/index.php?rest_route=\/wp\/v2\/posts"}],"about":[{"href":"https:\/\/www.kulturtechno.de\/index.php?rest_route=\/wp\/v2\/types\/post"}],"author":[{"embeddable":true,"href":"https:\/\/www.kulturtechno.de\/index.php?rest_route=\/wp\/v2\/users\/1"}],"replies":[{"embeddable":true,"href":"https:\/\/www.kulturtechno.de\/index.php?rest_route=%2Fwp%2Fv2%2Fcomments&post=12785"}],"version-history":[{"count":2,"href":"https:\/\/www.kulturtechno.de\/index.php?rest_route=\/wp\/v2\/posts\/12785\/revisions"}],"predecessor-version":[{"id":12791,"href":"https:\/\/www.kulturtechno.de\/index.php?rest_route=\/wp\/v2\/posts\/12785\/revisions\/12791"}],"wp:attachment":[{"href":"https:\/\/www.kulturtechno.de\/index.php?rest_route=%2Fwp%2Fv2%2Fmedia&parent=12785"}],"wp:term":[{"taxonomy":"category","embeddable":true,"href":"https:\/\/www.kulturtechno.de\/index.php?rest_route=%2Fwp%2Fv2%2Fcategories&post=12785"},{"taxonomy":"post_tag","embeddable":true,"href":"https:\/\/www.kulturtechno.de\/index.php?rest_route=%2Fwp%2Fv2%2Ftags&post=12785"}],"curies":[{"name":"wp","href":"https:\/\/api.w.org\/{rel}","templated":true}]}}