{"id":1073,"date":"2009-03-19T10:31:04","date_gmt":"2009-03-19T08:31:04","guid":{"rendered":"http:\/\/www.kulturtechno.de\/?p=1073"},"modified":"2009-03-20T10:24:42","modified_gmt":"2009-03-20T08:24:42","slug":"charts-music-sudwest-drei-fernsehen","status":"publish","type":"post","link":"https:\/\/www.kulturtechno.de\/?p=1073","title":{"rendered":"Charts Music @S\u00fcdwest Drei Fernsehen"},"content":{"rendered":"<p>Heute abend in der Sendung &#8222;Zur Sache Baden-W\u00fcrttemberg&#8220; von 20.15h bis 21h kommt u.a. ein satirischer Wochenr\u00fcckblick, in dem meinereiner auftritt und vor der Kamera ein paar Aktienkursmelodien kritzelt. Und das St\u00fcck und so kommt da dann. <a href=\"http:\/\/www.swr.de\/zur-sache-baden-wuerttemberg\/-\/id=3477354\/did=4481840\/pv=video\/gp1=4636020\/nid=3477354\/1ms2lc9\/index.html\">Watch<\/a>!<\/p>\n","protected":false},"excerpt":{"rendered":"<p>Heute abend in der Sendung &#8222;Zur Sache Baden-W\u00fcrttemberg&#8220; von 20.15h bis 21h kommt u.a. ein satirischer Wochenr\u00fcckblick, in dem meinereiner auftritt und vor der Kamera ein paar Aktienkursmelodien kritzelt. Und das St\u00fcck und so kommt da dann. Watch!<\/p>\n","protected":false},"author":1,"featured_media":0,"comment_status":"closed","ping_status":"open","sticky":false,"template":"","format":"standard","meta":{"_links_to":"","_links_to_target":"","footnotes":""},"categories":[3],"tags":[],"class_list":["post-1073","post","type-post","status-publish","format-standard","hentry","category-id"],"_links":{"self":[{"href":"https:\/\/www.kulturtechno.de\/index.php?rest_route=\/wp\/v2\/posts\/1073"}],"collection":[{"href":"https:\/\/www.kulturtechno.de\/index.php?rest_route=\/wp\/v2\/posts"}],"about":[{"href":"https:\/\/www.kulturtechno.de\/index.php?rest_route=\/wp\/v2\/types\/post"}],"author":[{"embeddable":true,"href":"https:\/\/www.kulturtechno.de\/index.php?rest_route=\/wp\/v2\/users\/1"}],"replies":[{"embeddable":true,"href":"https:\/\/www.kulturtechno.de\/index.php?rest_route=%2Fwp%2Fv2%2Fcomments&post=1073"}],"version-history":[{"count":5,"href":"https:\/\/www.kulturtechno.de\/index.php?rest_route=\/wp\/v2\/posts\/1073\/revisions"}],"predecessor-version":[{"id":1082,"href":"https:\/\/www.kulturtechno.de\/index.php?rest_route=\/wp\/v2\/posts\/1073\/revisions\/1082"}],"wp:attachment":[{"href":"https:\/\/www.kulturtechno.de\/index.php?rest_route=%2Fwp%2Fv2%2Fmedia&parent=1073"}],"wp:term":[{"taxonomy":"category","embeddable":true,"href":"https:\/\/www.kulturtechno.de\/index.php?rest_route=%2Fwp%2Fv2%2Fcategories&post=1073"},{"taxonomy":"post_tag","embeddable":true,"href":"https:\/\/www.kulturtechno.de\/index.php?rest_route=%2Fwp%2Fv2%2Ftags&post=1073"}],"curies":[{"name":"wp","href":"https:\/\/api.w.org\/{rel}","templated":true}]}}