{"id":1059,"date":"2009-03-17T20:01:18","date_gmt":"2009-03-17T18:01:18","guid":{"rendered":"http:\/\/www.kulturtechno.de\/?p=1059"},"modified":"2009-03-17T20:14:17","modified_gmt":"2009-03-17T18:14:17","slug":"schauble-zu-winnenden","status":"publish","type":"post","link":"https:\/\/www.kulturtechno.de\/?p=1059","title":{"rendered":"Sch\u00e4uble zu Winnenden"},"content":{"rendered":"<p>Wolfgang Sch\u00e4uble in einer <a href=\"http:\/\/www.tagesschau.de\/multimedia\/sendung\/ts10954.html\">Pressekonferenz<\/a> heute zum Thema Winnenden und die politischen Konsequenzen:<br \/>\n&#8222;&#8230;Schnellsch\u00fcsse w\u00e4ren die ganz falsche Reaktion&#8230;&#8220;<\/p>\n<p>Danke <a href=\"http:\/\/www.arnoluecker.de\">Arno<\/a> \/ <a href=\"http:\/\/www.bitteunddanke.de\/\">Chris<\/a><\/p>\n<p>Oder wie die Frau von <del datetime=\"2009-03-17T17:58:17+00:00\">Skiprofi<\/del> Th\u00fcringens Ministerpr\u00e4sident Althaus zu Bild <a href=\"http:\/\/www.tou.ch\/blog\/2009\/01\/13\/katharina-althaus-sieht-ihren-mann-dieter-althaus-uber-den-berg\/\">sagte<\/a>:<br \/>\n&#8222;Mein Mann ist \u00fcber den Berg.&#8220;<\/p>\n<p>[ad#ad2]<\/p>\n","protected":false},"excerpt":{"rendered":"<p>Wolfgang Sch\u00e4uble in einer Pressekonferenz heute zum Thema Winnenden und die politischen Konsequenzen: &#8222;&#8230;Schnellsch\u00fcsse w\u00e4ren die ganz falsche Reaktion&#8230;&#8220; Danke Arno \/ Chris Oder wie die Frau von Skiprofi Th\u00fcringens Ministerpr\u00e4sident Althaus zu Bild sagte: &#8222;Mein Mann ist \u00fcber den Berg.&#8220; [ad#ad2]<\/p>\n","protected":false},"author":1,"featured_media":0,"comment_status":"closed","ping_status":"open","sticky":false,"template":"","format":"standard","meta":{"_links_to":"","_links_to_target":"","footnotes":""},"categories":[17],"tags":[],"class_list":["post-1059","post","type-post","status-publish","format-standard","hentry","category-sonstiges"],"_links":{"self":[{"href":"https:\/\/www.kulturtechno.de\/index.php?rest_route=\/wp\/v2\/posts\/1059"}],"collection":[{"href":"https:\/\/www.kulturtechno.de\/index.php?rest_route=\/wp\/v2\/posts"}],"about":[{"href":"https:\/\/www.kulturtechno.de\/index.php?rest_route=\/wp\/v2\/types\/post"}],"author":[{"embeddable":true,"href":"https:\/\/www.kulturtechno.de\/index.php?rest_route=\/wp\/v2\/users\/1"}],"replies":[{"embeddable":true,"href":"https:\/\/www.kulturtechno.de\/index.php?rest_route=%2Fwp%2Fv2%2Fcomments&post=1059"}],"version-history":[{"count":6,"href":"https:\/\/www.kulturtechno.de\/index.php?rest_route=\/wp\/v2\/posts\/1059\/revisions"}],"predecessor-version":[{"id":1065,"href":"https:\/\/www.kulturtechno.de\/index.php?rest_route=\/wp\/v2\/posts\/1059\/revisions\/1065"}],"wp:attachment":[{"href":"https:\/\/www.kulturtechno.de\/index.php?rest_route=%2Fwp%2Fv2%2Fmedia&parent=1059"}],"wp:term":[{"taxonomy":"category","embeddable":true,"href":"https:\/\/www.kulturtechno.de\/index.php?rest_route=%2Fwp%2Fv2%2Fcategories&post=1059"},{"taxonomy":"post_tag","embeddable":true,"href":"https:\/\/www.kulturtechno.de\/index.php?rest_route=%2Fwp%2Fv2%2Ftags&post=1059"}],"curies":[{"name":"wp","href":"https:\/\/api.w.org\/{rel}","templated":true}]}}