{"id":969,"date":"2009-03-10T11:08:41","date_gmt":"2009-03-10T09:08:41","guid":{"rendered":"http:\/\/www.kulturtechno.de\/?p=969"},"modified":"2009-03-10T20:23:20","modified_gmt":"2009-03-10T18:23:20","slug":"notwendigkeit-von-massenmedien","status":"publish","type":"post","link":"http:\/\/www.kulturtechno.de\/?p=969","title":{"rendered":"Notwendigkeit von Massenmedien"},"content":{"rendered":"<p>In der <a href=\"http:\/\/www.nzz.ch\/nachrichten\/medien\/unersetzbare_soziale_institutionen_1.2150452.html\">NZZ<\/a>:<\/p>\n<blockquote><p>Moderne Gesellschaften sind auf die Institutionen der Massenmedien zur Realisierung ihrer \u00f6ffentlichen Kommunikation angewiesen. Medial vermittelte Kommunikation ist immer eine organisierte Form der Kommunikation \u2013 und das setzt Organisationen, Rollentr\u00e4ger und aufseiten des Publikums die Kenntnis ebendieser sozialen Strukturen voraus. Es bedarf also vor allem einer Organisation, und mehr noch: Es bedarf sogar spezifischer Organisationen f\u00fcr die gesellschaftlich anerkannte publizistische Leistungserbringung.<\/p><\/blockquote>\n<p>Es darf bezweifelt werden, dass das so sakrosankt ist. Die &#8222;moderne&#8220; Gesellschaft bedarf vielleicht der Massenmedien, aber es kann sich ja eine nachmoderne Gesellschaft ank\u00fcnden, die sich ausdifferenziert und deren Kommunikation eben auch neue Technologien nutzrn kann.<br \/>\nWenn dann sind die Massenmedien \u00f6konomisch begr\u00fcndet: Die Leute wollen Qualit\u00e4t, und die kostet, und diese Kosten k\u00f6nnen nur an einem Massenmarkt amortisiert werden. Das akkumuliert dann doch gro\u00dfe Leserzahlen auf wenige Portale wie Spiegel Online etc. Qualit\u00e4t ist aber nicht nur an nennenswerten monet\u00e4ren Aufwand gebunden, darum k\u00f6nnen &#8222;Memes&#8220; und YouTube-Ideen \u00fcber die vernetzte 2.0-Sph\u00e4re andererseits massenwirksam werden, ohne dass aufw\u00e4ndige Zwischenh\u00e4ndlerschritte erforderlich w\u00e4ren.<br \/>\nZuletzt: Der Mangel an journalistischer Qualit\u00e4t ist mitunter auch erfreulich, denn es liegt leider im Wesen der Bearbeitung, dass sie den Gegenstand ideologisch einf\u00e4rbt, und zwar unkenntlicher als es der gemeine Mann \/ die gemeine Frau tut. Gut ist letztlich, wenn es Beides gibt: B\u00fcrgerjournalismus und professioneller.<\/p>\n<p>[ad#ad2]<\/p>\n","protected":false},"excerpt":{"rendered":"<p>In der NZZ: Moderne Gesellschaften sind auf die Institutionen der Massenmedien zur Realisierung ihrer \u00f6ffentlichen Kommunikation angewiesen. Medial vermittelte Kommunikation ist immer eine organisierte Form der Kommunikation \u2013 und das setzt Organisationen, Rollentr\u00e4ger und aufseiten des Publikums die Kenntnis ebendieser sozialen Strukturen voraus. Es bedarf also vor allem einer Organisation, und mehr noch: Es bedarf [&hellip;]<\/p>\n","protected":false},"author":1,"featured_media":0,"comment_status":"closed","ping_status":"open","sticky":false,"template":"","format":"standard","meta":{"_links_to":"","_links_to_target":"","footnotes":""},"categories":[15],"tags":[],"class_list":["post-969","post","type-post","status-publish","format-standard","hentry","category-kritik-der-reinen-vernunft"],"_links":{"self":[{"href":"http:\/\/www.kulturtechno.de\/index.php?rest_route=\/wp\/v2\/posts\/969"}],"collection":[{"href":"http:\/\/www.kulturtechno.de\/index.php?rest_route=\/wp\/v2\/posts"}],"about":[{"href":"http:\/\/www.kulturtechno.de\/index.php?rest_route=\/wp\/v2\/types\/post"}],"author":[{"embeddable":true,"href":"http:\/\/www.kulturtechno.de\/index.php?rest_route=\/wp\/v2\/users\/1"}],"replies":[{"embeddable":true,"href":"http:\/\/www.kulturtechno.de\/index.php?rest_route=%2Fwp%2Fv2%2Fcomments&post=969"}],"version-history":[{"count":4,"href":"http:\/\/www.kulturtechno.de\/index.php?rest_route=\/wp\/v2\/posts\/969\/revisions"}],"predecessor-version":[{"id":974,"href":"http:\/\/www.kulturtechno.de\/index.php?rest_route=\/wp\/v2\/posts\/969\/revisions\/974"}],"wp:attachment":[{"href":"http:\/\/www.kulturtechno.de\/index.php?rest_route=%2Fwp%2Fv2%2Fmedia&parent=969"}],"wp:term":[{"taxonomy":"category","embeddable":true,"href":"http:\/\/www.kulturtechno.de\/index.php?rest_route=%2Fwp%2Fv2%2Fcategories&post=969"},{"taxonomy":"post_tag","embeddable":true,"href":"http:\/\/www.kulturtechno.de\/index.php?rest_route=%2Fwp%2Fv2%2Ftags&post=969"}],"curies":[{"name":"wp","href":"https:\/\/api.w.org\/{rel}","templated":true}]}}