{"id":9176,"date":"2012-11-09T11:52:17","date_gmt":"2012-11-09T09:52:17","guid":{"rendered":"http:\/\/www.kulturtechno.de\/?p=9176"},"modified":"2012-11-11T16:10:37","modified_gmt":"2012-11-11T14:10:37","slug":"diskussion-uber-die-donaueschinger-aktionen-politische-kunst","status":"publish","type":"post","link":"http:\/\/www.kulturtechno.de\/?p=9176","title":{"rendered":"Diskussion \u00fcber die Donaueschinger Aktionen &#038; politische Kunst"},"content":{"rendered":"<p>Nach den Donaueschinger Aktionen gegen die Fusionierung der SWR-Orchester entspann sich auf Facebook eine lange Diskussion vor allem um die <a href=\"http:\/\/kreidler-net.de\/werke\/donau-aktion.htm\">Aktion<\/a>, die ich zusammen mit der GNM durchgef\u00fchrt habe. Die Diskussion hat mich ann\u00e4hernd in Depressionen und auto-aggressives Verhalten gest\u00fcrzt; was da an Vorw\u00fcrfen kam, damit habe ich wirklich nicht gerechnet. Mehrere Freundschaften sind hier zuende gegangen. Aber wie dem auch sei, in der Diskussion kommen nicht nur Komponisten-Eitelkeiten vor, sondern auch ein paar gute Gedanken \u00fcber politische Kunst, darum hat der Pianist Ian Pace das Ganze auf seinen Blog transferiert zur \u00f6ffentlichen Einsicht.<\/p>\n<p><a href=\"http:\/\/ianpace.wordpress.com\/2012\/11\/07\/the-johannes-kreidler-protest-at-donaueschingen-about-the-fusion-of-the-radio-orchestras-at-baden-badenfreiburg-and-stuttgart-a-discussion-from-facebook\/\">http:\/\/ianpace.wordpress.com\/2012\/11\/07\/the-johannes-kreidler-protest-at-donaueschingen-about-the-fusion-of-the-radio-orchestras-at-baden-badenfreiburg-and-stuttgart-a-discussion-from-facebook\/<\/a><\/p>\n<p>Update: Jetzt gibt es auch die <a href=\"http:\/\/www.chrisswithinbank.net\/wp-content\/uploads\/2012\/11\/kreidlerdebate.pdf\">PDF-Version<\/a>. Bald dann auch als Reclam-Buch.<\/p>\n<p>+++++++++++++<br \/>\nAphorismen des Tages:<\/p>\n<p>&nbsp;<\/p>\n<p>Bruckner ist politischer als Holliger<\/p>\n<p>Resultate 21-22<\/p>\n<p>Ende einer Reihenstruktur<\/p>\n<p>Zeit \u00fcberrascht Kraft<\/p>\n<p>Manifest f\u00fcr unterschiedliche Inkonsequenzen und Zeitstabilit\u00e4ten<\/p>\n<p>Konvergenz<br \/>\nVerdinglichgung<br \/>\nTeilung<\/p>\n<p>Melodie<br \/>\nPanorama<br \/>\nText<\/p>\n","protected":false},"excerpt":{"rendered":"<p>Nach den Donaueschinger Aktionen gegen die Fusionierung der SWR-Orchester entspann sich auf Facebook eine lange Diskussion vor allem um die Aktion, die ich zusammen mit der GNM durchgef\u00fchrt habe. Die Diskussion hat mich ann\u00e4hernd in Depressionen und auto-aggressives Verhalten gest\u00fcrzt; was da an Vorw\u00fcrfen kam, damit habe ich wirklich nicht gerechnet. Mehrere Freundschaften sind hier [&hellip;]<\/p>\n","protected":false},"author":1,"featured_media":0,"comment_status":"open","ping_status":"open","sticky":false,"template":"","format":"standard","meta":{"_links_to":"","_links_to_target":"","footnotes":""},"categories":[15],"tags":[],"class_list":["post-9176","post","type-post","status-publish","format-standard","hentry","category-kritik-der-reinen-vernunft"],"_links":{"self":[{"href":"http:\/\/www.kulturtechno.de\/index.php?rest_route=\/wp\/v2\/posts\/9176"}],"collection":[{"href":"http:\/\/www.kulturtechno.de\/index.php?rest_route=\/wp\/v2\/posts"}],"about":[{"href":"http:\/\/www.kulturtechno.de\/index.php?rest_route=\/wp\/v2\/types\/post"}],"author":[{"embeddable":true,"href":"http:\/\/www.kulturtechno.de\/index.php?rest_route=\/wp\/v2\/users\/1"}],"replies":[{"embeddable":true,"href":"http:\/\/www.kulturtechno.de\/index.php?rest_route=%2Fwp%2Fv2%2Fcomments&post=9176"}],"version-history":[{"count":2,"href":"http:\/\/www.kulturtechno.de\/index.php?rest_route=\/wp\/v2\/posts\/9176\/revisions"}],"predecessor-version":[{"id":9194,"href":"http:\/\/www.kulturtechno.de\/index.php?rest_route=\/wp\/v2\/posts\/9176\/revisions\/9194"}],"wp:attachment":[{"href":"http:\/\/www.kulturtechno.de\/index.php?rest_route=%2Fwp%2Fv2%2Fmedia&parent=9176"}],"wp:term":[{"taxonomy":"category","embeddable":true,"href":"http:\/\/www.kulturtechno.de\/index.php?rest_route=%2Fwp%2Fv2%2Fcategories&post=9176"},{"taxonomy":"post_tag","embeddable":true,"href":"http:\/\/www.kulturtechno.de\/index.php?rest_route=%2Fwp%2Fv2%2Ftags&post=9176"}],"curies":[{"name":"wp","href":"https:\/\/api.w.org\/{rel}","templated":true}]}}