{"id":8258,"date":"2012-07-14T00:50:05","date_gmt":"2012-07-13T22:50:05","guid":{"rendered":"http:\/\/www.kulturtechno.de\/?p=8258"},"modified":"2012-07-13T15:53:02","modified_gmt":"2012-07-13T13:53:02","slug":"kreidler-darmstadt","status":"publish","type":"post","link":"http:\/\/www.kulturtechno.de\/?p=8258","title":{"rendered":"Kreidler @Darmstadt"},"content":{"rendered":"<p><a href=\"http:\/\/www.frankfurt-lab.de\/typo3temp\/pics\/ec88d627ce.jpg\" rel=\"lightbox[8258]\"><img loading=\"lazy\" decoding=\"async\" alt=\"\" src=\"http:\/\/www.frankfurt-lab.de\/typo3temp\/pics\/ec88d627ce.jpg\" class=\"alignnone\" width=\"250\" height=\"167\" \/><\/a><\/p>\n<p>Heute geht&#8217;s nach Darmstadt zu den <a href=\"http:\/\/www.internationales-musikinstitut.de\/\">Internationalen Ferienkursen f\u00fcr Neue Musik<\/a>, wo diverses auf der Agenda bei mir steht:<\/p>\n<p>&#8211; Am 18.7. abends ist die Urauff\u00fchrung von &#8222;Die &#8217;sich sammelnde Erfahrung&#8216; (Benn): der Ton&#8220; f\u00fcr Fl\u00f6te, Posaune, halbakustische Gitarre, Schlagzeug, Drumpad Sampler, Klavier, Audio- und Videozuspielung. Es spielt das Nadar Ensemble unter Daan Janssens.<\/p>\n<p>&#8211; Am 20.7. findet unter dem Motto &#8222;Generationenwechsel \/ Umbruch&#8220; eine Podiumsdiskussion mit Rolf Riehm und mir statt, Bernd Leukert moderiert, die Gesellschaft f\u00fcr Neue Musik organisiert&#8217;s.<\/p>\n<p>&#8211; Am 21.\/22. und 23.7. findet jeweils um 11h ein Matineekonzert statt, in dem ein Werk von Brian Ferneyhough \/ Mathias Spahlinger \/ Wolfgang Rihm zweimal gespielt wird, dazwischen interviewen Martin Sch\u00fcttler, Mark Barden und ich die Meister auf der B\u00fchne.<\/p>\n<p>&#8211; Am 27.7. halte ich (auf englisch) den Vortrag &#8222;New Conceptualism&#8220;, 11h im Schader-Forum.<\/p>\n<p>Aber nat\u00fcrlich gibt es weiterhin in gewohnter Frequenz Beitr\u00e4ge auf Kulturtechno. Vielleicht melde ich mich auch mal direkt aus Hessen.<\/p>\n","protected":false},"excerpt":{"rendered":"<p>Heute geht&#8217;s nach Darmstadt zu den Internationalen Ferienkursen f\u00fcr Neue Musik, wo diverses auf der Agenda bei mir steht: &#8211; Am 18.7. abends ist die Urauff\u00fchrung von &#8222;Die &#8217;sich sammelnde Erfahrung&#8216; (Benn): der Ton&#8220; f\u00fcr Fl\u00f6te, Posaune, halbakustische Gitarre, Schlagzeug, Drumpad Sampler, Klavier, Audio- und Videozuspielung. Es spielt das Nadar Ensemble unter Daan Janssens. &#8211; [&hellip;]<\/p>\n","protected":false},"author":1,"featured_media":0,"comment_status":"open","ping_status":"open","sticky":false,"template":"","format":"standard","meta":{"_links_to":"","_links_to_target":"","footnotes":""},"categories":[3],"tags":[],"class_list":["post-8258","post","type-post","status-publish","format-standard","hentry","category-id"],"_links":{"self":[{"href":"http:\/\/www.kulturtechno.de\/index.php?rest_route=\/wp\/v2\/posts\/8258"}],"collection":[{"href":"http:\/\/www.kulturtechno.de\/index.php?rest_route=\/wp\/v2\/posts"}],"about":[{"href":"http:\/\/www.kulturtechno.de\/index.php?rest_route=\/wp\/v2\/types\/post"}],"author":[{"embeddable":true,"href":"http:\/\/www.kulturtechno.de\/index.php?rest_route=\/wp\/v2\/users\/1"}],"replies":[{"embeddable":true,"href":"http:\/\/www.kulturtechno.de\/index.php?rest_route=%2Fwp%2Fv2%2Fcomments&post=8258"}],"version-history":[{"count":4,"href":"http:\/\/www.kulturtechno.de\/index.php?rest_route=\/wp\/v2\/posts\/8258\/revisions"}],"predecessor-version":[{"id":8308,"href":"http:\/\/www.kulturtechno.de\/index.php?rest_route=\/wp\/v2\/posts\/8258\/revisions\/8308"}],"wp:attachment":[{"href":"http:\/\/www.kulturtechno.de\/index.php?rest_route=%2Fwp%2Fv2%2Fmedia&parent=8258"}],"wp:term":[{"taxonomy":"category","embeddable":true,"href":"http:\/\/www.kulturtechno.de\/index.php?rest_route=%2Fwp%2Fv2%2Fcategories&post=8258"},{"taxonomy":"post_tag","embeddable":true,"href":"http:\/\/www.kulturtechno.de\/index.php?rest_route=%2Fwp%2Fv2%2Ftags&post=8258"}],"curies":[{"name":"wp","href":"https:\/\/api.w.org\/{rel}","templated":true}]}}