{"id":7418,"date":"2012-05-17T05:32:47","date_gmt":"2012-05-17T03:32:47","guid":{"rendered":"http:\/\/www.kulturtechno.de\/?p=7418"},"modified":"2012-05-17T09:50:32","modified_gmt":"2012-05-17T07:50:32","slug":"fehlerasthetik-4-kritik","status":"publish","type":"post","link":"http:\/\/www.kulturtechno.de\/?p=7418","title":{"rendered":"Fehler\u00e4sthetik #9 &#8211; Kritik"},"content":{"rendered":"<p>Bei einem Medium die inh\u00e4renten Fehler hervorkehren, um eben das Medium erst so richtig sichtbar zu machen, ist ein g\u00e4ngier Topos geworden und zentrales Argument der &#8222;Fehler\u00e4sthetik&#8220;. Ich will allerdings meinen: Mittlerweile kennen wir unsere Medien ziemlich gut. Folgenden Passus in einem Text der Musikwissenschaftlerin Marion Saxer erscheint mir ich nicht mehr aktuell:<\/p>\n<blockquote><p>Wenn auch die Frage, was ein Medium ist, bis heute nicht eindeutig gekl\u00e4rt werden kann und die Bestimmung des Begriffs bis auf weiteres \u00bbchronisch prek\u00e4r\u00ab bleibt, sind sich dennoch alle medientheoretischen Ans\u00e4tze &#8211; so unterschiedlich sie auch sein m\u00f6gen \u2014 in einer Grund\u00fcberzeugung einig. Gemeint ist der \u00bbunbewusste Charakter der Medien\u00ab, ihre eigent\u00fcmliche Tendenz, bei selbstverst\u00e4ndlicher Nutzung aus der Wahrnehmung zu verschwinden. Diesen Aspekt betont z. B. bereits Marshall McLuhan als einer der V\u00e4ter der Medientheorie in seinem Schl\u00fcsselwerk Understanding media aus dem Jahr 1964, wenn er von der \u00bbunterschwelligen Magie der Medien\u00ab spricht, die es zu erkennen gilt. Gleiches fordert z. B. der Medienwissenschaftler Hartmut Winkler in seiner Mediendefinition: \u00bbMediengebrauch ist weitgehend unbewusst. (&#8230;) Es bedarf einer fast k\u00fcnstlichen Abstandnahme, um die Medien selbst in den Blick zu nehmen.\u00ab<\/p><\/blockquote>\n<p>(Musik-Konzepte XI\/2008, S. 174f)<\/p>\n<p>Die ganze Geisteswissenschaft und gerade die Zeitungen befassen sich seit ca. vier Jahren derma\u00dfen intensiv mit der Digitalisierung und allen angeschlossen Medien, dass die in dem Text postulierte &#8218;Terra incognita&#8216; so nicht mehr vorhanden ist.<\/p>\n<p><a href=\"http:\/\/27.media.tumblr.com\/tumblr_m0vad2tMNl1qcqot4o1_500.png\" rel=\"lightbox[7418]\"><img loading=\"lazy\" decoding=\"async\" alt=\"\" src=\"http:\/\/27.media.tumblr.com\/tumblr_m0vad2tMNl1qcqot4o1_500.png\" class=\"alignnone\" width=\"500\" height=\"306\" \/><\/a><\/p>\n","protected":false},"excerpt":{"rendered":"<p>Bei einem Medium die inh\u00e4renten Fehler hervorkehren, um eben das Medium erst so richtig sichtbar zu machen, ist ein g\u00e4ngier Topos geworden und zentrales Argument der &#8222;Fehler\u00e4sthetik&#8220;. Ich will allerdings meinen: Mittlerweile kennen wir unsere Medien ziemlich gut. Folgenden Passus in einem Text der Musikwissenschaftlerin Marion Saxer erscheint mir ich nicht mehr aktuell: Wenn auch [&hellip;]<\/p>\n","protected":false},"author":1,"featured_media":0,"comment_status":"open","ping_status":"open","sticky":false,"template":"","format":"standard","meta":{"_links_to":"","_links_to_target":"","footnotes":""},"categories":[5,19],"tags":[],"class_list":["post-7418","post","type-post","status-publish","format-standard","hentry","category-technologik","category-theorie"],"_links":{"self":[{"href":"http:\/\/www.kulturtechno.de\/index.php?rest_route=\/wp\/v2\/posts\/7418"}],"collection":[{"href":"http:\/\/www.kulturtechno.de\/index.php?rest_route=\/wp\/v2\/posts"}],"about":[{"href":"http:\/\/www.kulturtechno.de\/index.php?rest_route=\/wp\/v2\/types\/post"}],"author":[{"embeddable":true,"href":"http:\/\/www.kulturtechno.de\/index.php?rest_route=\/wp\/v2\/users\/1"}],"replies":[{"embeddable":true,"href":"http:\/\/www.kulturtechno.de\/index.php?rest_route=%2Fwp%2Fv2%2Fcomments&post=7418"}],"version-history":[{"count":13,"href":"http:\/\/www.kulturtechno.de\/index.php?rest_route=\/wp\/v2\/posts\/7418\/revisions"}],"predecessor-version":[{"id":7748,"href":"http:\/\/www.kulturtechno.de\/index.php?rest_route=\/wp\/v2\/posts\/7418\/revisions\/7748"}],"wp:attachment":[{"href":"http:\/\/www.kulturtechno.de\/index.php?rest_route=%2Fwp%2Fv2%2Fmedia&parent=7418"}],"wp:term":[{"taxonomy":"category","embeddable":true,"href":"http:\/\/www.kulturtechno.de\/index.php?rest_route=%2Fwp%2Fv2%2Fcategories&post=7418"},{"taxonomy":"post_tag","embeddable":true,"href":"http:\/\/www.kulturtechno.de\/index.php?rest_route=%2Fwp%2Fv2%2Ftags&post=7418"}],"curies":[{"name":"wp","href":"https:\/\/api.w.org\/{rel}","templated":true}]}}