{"id":7366,"date":"2012-04-09T05:16:41","date_gmt":"2012-04-09T03:16:41","guid":{"rendered":"http:\/\/www.kulturtechno.de\/?p=7366"},"modified":"2012-04-09T11:53:58","modified_gmt":"2012-04-09T09:53:58","slug":"nachtrag-zu-wolfgang-rihms-600-000-geburtstag","status":"publish","type":"post","link":"http:\/\/www.kulturtechno.de\/?p=7366","title":{"rendered":"Nachtrag zu Wolfgang Rihms 600 000. Geburtstag"},"content":{"rendered":"<p><a href=\"http:\/\/www.wdr3.de\/team\/moderatoren\/martina-seeber.html\">Martina Seeber<\/a> hat einen 5min\u00fctigen Radiobeitrag f\u00fcr WDR3 produziert:<\/p>\n<p><a href='http:\/\/www.kreidler-net.de\/kulturtechno-files\/rihm-seeber.mp3' >rihm-seeber.mp3<\/a><\/p>\n<blockquote><p>\n&#8230; aber nicht alles, was da der Urauff\u00fchrungslandschaft entspringt, ist frisches Quellwasser. Im Grunde ist das Rihm&#8217;sche Biotop eine gigantische Abwasseraufbereitungsanlage. Um den \u00dcberblick zu behalten \u00fcber das System des [&#8230;] Self-Recyclings gibt es [&#8230;] nun die Plattform www.rihm-plag.de. [&#8230;] Ein System von Grafiken und Animationen dokumentiert das Copy&#038;Paste-Imperium&#8230;<\/p><\/blockquote>\n<p><a href=\"http:\/\/www.hoepfner-stiftung.org\/bilder\/Treiber-Egri-2.jpg\" rel=\"lightbox[7366]\"><img loading=\"lazy\" decoding=\"async\" alt=\"\" src=\"http:\/\/www.hoepfner-stiftung.org\/bilder\/Treiber-Egri-2.jpg\" class=\"alignnone\" width=\"400\" height=\"289\" \/><\/a><\/p>\n<p>Fr\u00fcher auf Kulturtechno: <a href=\"http:\/\/www.kulturtechno.de\/?p=7258\">Wolfgang Rihm zum 600. Geburtstag<\/a><\/p>\n","protected":false},"excerpt":{"rendered":"<p>Martina Seeber hat einen 5min\u00fctigen Radiobeitrag f\u00fcr WDR3 produziert: rihm-seeber.mp3 &#8230; aber nicht alles, was da der Urauff\u00fchrungslandschaft entspringt, ist frisches Quellwasser. Im Grunde ist das Rihm&#8217;sche Biotop eine gigantische Abwasseraufbereitungsanlage. Um den \u00dcberblick zu behalten \u00fcber das System des [&#8230;] Self-Recyclings gibt es [&#8230;] nun die Plattform www.rihm-plag.de. [&#8230;] Ein System von Grafiken und [&hellip;]<\/p>\n","protected":false},"author":1,"featured_media":0,"comment_status":"open","ping_status":"open","sticky":false,"template":"","format":"standard","meta":{"_links_to":"","_links_to_target":"","footnotes":""},"categories":[15],"tags":[],"class_list":["post-7366","post","type-post","status-publish","format-standard","hentry","category-kritik-der-reinen-vernunft"],"_links":{"self":[{"href":"http:\/\/www.kulturtechno.de\/index.php?rest_route=\/wp\/v2\/posts\/7366"}],"collection":[{"href":"http:\/\/www.kulturtechno.de\/index.php?rest_route=\/wp\/v2\/posts"}],"about":[{"href":"http:\/\/www.kulturtechno.de\/index.php?rest_route=\/wp\/v2\/types\/post"}],"author":[{"embeddable":true,"href":"http:\/\/www.kulturtechno.de\/index.php?rest_route=\/wp\/v2\/users\/1"}],"replies":[{"embeddable":true,"href":"http:\/\/www.kulturtechno.de\/index.php?rest_route=%2Fwp%2Fv2%2Fcomments&post=7366"}],"version-history":[{"count":8,"href":"http:\/\/www.kulturtechno.de\/index.php?rest_route=\/wp\/v2\/posts\/7366\/revisions"}],"predecessor-version":[{"id":7404,"href":"http:\/\/www.kulturtechno.de\/index.php?rest_route=\/wp\/v2\/posts\/7366\/revisions\/7404"}],"wp:attachment":[{"href":"http:\/\/www.kulturtechno.de\/index.php?rest_route=%2Fwp%2Fv2%2Fmedia&parent=7366"}],"wp:term":[{"taxonomy":"category","embeddable":true,"href":"http:\/\/www.kulturtechno.de\/index.php?rest_route=%2Fwp%2Fv2%2Fcategories&post=7366"},{"taxonomy":"post_tag","embeddable":true,"href":"http:\/\/www.kulturtechno.de\/index.php?rest_route=%2Fwp%2Fv2%2Ftags&post=7366"}],"curies":[{"name":"wp","href":"https:\/\/api.w.org\/{rel}","templated":true}]}}