{"id":6895,"date":"2012-02-09T05:14:49","date_gmt":"2012-02-09T03:14:49","guid":{"rendered":"http:\/\/www.kulturtechno.de\/?p=6895"},"modified":"2012-02-09T11:15:36","modified_gmt":"2012-02-09T09:15:36","slug":"texte-uber-patrick-frank","status":"publish","type":"post","link":"http:\/\/www.kulturtechno.de\/?p=6895","title":{"rendered":"Texte \u00fcber Patrick Frank"},"content":{"rendered":"<p><a rel=\"lightbox[4168]\" href=\"http:\/\/www.lawofquality.com\/files\/maintest4.png\"><img loading=\"lazy\" decoding=\"async\" src=\"http:\/\/www.lawofquality.com\/files\/maintest4.png\" alt=\"\" width=\"505\" height=\"367\" \/><\/a><\/p>\n<p>\u00dcber den schweizer Komponisten und Konzeptk\u00fcnstler <a href=\"http:\/\/www.kulturtechno.de\/?p=4168\">Patrick Frank<\/a> habe ich hier schon geschrieben, aktuell sind in der <a href=\"http:\/\/www.dissonance.ch\/\">Dissonance<\/a> zwei sehr lesenswerte Texte \u00fcber ihn von Michael Kunkel und Torsten M\u00f6ller erschienen.<\/p>\n<p>Snips:<\/p>\n<blockquote><p>Die Klage \u00fcber \u00abKriterienlosigkeit\u00bb, \u00abUn\u00fcbersichtlichkeit\u00bb, \u00abOrientierungslosigkeit\u00bb etc. hat sich in der Neuen Musik schon sehr lange als Topos etabliert, der verschiedene Probleme mit sich bringt: Zun\u00e4chst jenes des \u00abFr\u00fcher-war-alles-besser\u00bb, verbunden mit dem Glauben daran, dass aus einer geschichtlichen Situation heraus abstrahierte Werte zu fr\u00fcheren Zeiten K\u00fcnstlern als Leitplanken \u00e4sthetischen Handelns dienten, als entst\u00fcnden Werke im Abgelten jener Regelhaftigkeiten, die nachtr\u00e4glich aus ihnen abgeleitet werden k\u00f6nnen. Das Gef\u00fchl der geschichtlichen Benachteiligung mag frustrieren und zu k\u00fcnstlerischen Blockaden f\u00fchren. Wenn man ernsthaft vorhat, sich in oben geschilderter Szene mittels Neuer Musik absolut unverwechselbar, verbindlich und charakteristisch zu positionieren, kann Komponieren zum Krampf werden. Es gibt aber immer mehr (relativ) junge Komponisten, die just aus diesem Dilemma \u00e4sthetisches Kapital schlagen, indem sie die Arbeit an der empfundenen aktuellen Notlage explizit zum Hauptgegenstand ihrer Kunst machen. Es handelt sich vielleicht um eine kleine Wiederauferstehung eines Musiktypus, der fast in Vergessenheit geraten war: Des engagierten Komponisten. Ein Merkmal von Engagement kann sein, wenn ein Komponist die Reflexion der gegenw\u00e4rtigen Lage, m\u00f6glicherweise auch ihre gesellschaftliche Bedingtheit aktiv in die k\u00fcnstlerische Arbeit mit einbezieht.<\/p><\/blockquote>\n<p>(Von Michael Kunkel. Dissonanz Nr. 116 Dezember 2011. <a href=\"http:\/\/www.patrickfrank.ch\/site\/files\/frankdiss.pdf\">PDF<\/a>)<\/p>\n<p>&nbsp;<\/p>\n<blockquote><p>Kunst und Geld ist ein heikles Thema, dem sich Patrick N. Frank kritisch, zugleich transparent n\u00e4hert. Was nun ist The Law of Quality? Zum einen ist es eine traditionell notierte Partitur f\u00fcr eine S\u00e4ngerin und eine Pianistin. Der initialen Auff\u00fchrungsvorschrift \u00abmechanisch, gnadenlos\u00bb folgen dissonante Akkordrepetitionen in tiefer Lage.2 Nach 10 Takten wilden H\u00e4mmerns ert\u00f6nt eine Sprechstimme:<\/p>\n<p>\u00abIn 30 Sekunden erklangen 901 T\u00f6ne; pro Sekunde also 30,03 T\u00f6ne. \u2013 Meine Damen und Herren: Quantit\u00e4t ist Qualit\u00e4t! Doch Sie haben Recht, wenn Sie jetzt denken: Nur weil viele T\u00f6ne erklingen, hat das Werk l\u00e4ngst keine Qualit\u00e4t! Wir m\u00fcssen dem Werk eine Wende geben, um seine Quantit\u00e4t und k\u00fcnstlerische Qualit\u00e4t zu steigern. Wolfgang Ullrich, ein Kulturwissenschaftler, stellte in seinem Text Marktkunst [&#8230;] folgende These auf: Die Erhabenheit, einst in der Unermesslichkeit der Natur empfunden, taucht heute an einem wesentlich profa neren Ort wieder auf: In den unermesslich hohen Preisen, welche Kunstwerke erzielen. [&#8230;] Fr\u00fcher kaufte man mit Geld Qualit\u00e4t, heute ist Geld Qualit\u00e4t.\u00bb<\/p><\/blockquote>\n<p>(Von Torsten M\u00f6ller. Dissonanz Nr. 116 Dezember 2012. <a href=\"http:\/\/www.patrickfrank.ch\/site\/files\/lawdiss.pdf\">PDF<\/a>)<\/p>\n","protected":false},"excerpt":{"rendered":"<p>\u00dcber den schweizer Komponisten und Konzeptk\u00fcnstler Patrick Frank habe ich hier schon geschrieben, aktuell sind in der Dissonance zwei sehr lesenswerte Texte \u00fcber ihn von Michael Kunkel und Torsten M\u00f6ller erschienen. Snips: Die Klage \u00fcber \u00abKriterienlosigkeit\u00bb, \u00abUn\u00fcbersichtlichkeit\u00bb, \u00abOrientierungslosigkeit\u00bb etc. hat sich in der Neuen Musik schon sehr lange als Topos etabliert, der verschiedene Probleme mit [&hellip;]<\/p>\n","protected":false},"author":1,"featured_media":0,"comment_status":"open","ping_status":"open","sticky":false,"template":"","format":"standard","meta":{"_links_to":"","_links_to_target":"","footnotes":""},"categories":[19],"tags":[],"class_list":["post-6895","post","type-post","status-publish","format-standard","hentry","category-theorie"],"_links":{"self":[{"href":"http:\/\/www.kulturtechno.de\/index.php?rest_route=\/wp\/v2\/posts\/6895"}],"collection":[{"href":"http:\/\/www.kulturtechno.de\/index.php?rest_route=\/wp\/v2\/posts"}],"about":[{"href":"http:\/\/www.kulturtechno.de\/index.php?rest_route=\/wp\/v2\/types\/post"}],"author":[{"embeddable":true,"href":"http:\/\/www.kulturtechno.de\/index.php?rest_route=\/wp\/v2\/users\/1"}],"replies":[{"embeddable":true,"href":"http:\/\/www.kulturtechno.de\/index.php?rest_route=%2Fwp%2Fv2%2Fcomments&post=6895"}],"version-history":[{"count":8,"href":"http:\/\/www.kulturtechno.de\/index.php?rest_route=\/wp\/v2\/posts\/6895\/revisions"}],"predecessor-version":[{"id":7004,"href":"http:\/\/www.kulturtechno.de\/index.php?rest_route=\/wp\/v2\/posts\/6895\/revisions\/7004"}],"wp:attachment":[{"href":"http:\/\/www.kulturtechno.de\/index.php?rest_route=%2Fwp%2Fv2%2Fmedia&parent=6895"}],"wp:term":[{"taxonomy":"category","embeddable":true,"href":"http:\/\/www.kulturtechno.de\/index.php?rest_route=%2Fwp%2Fv2%2Fcategories&post=6895"},{"taxonomy":"post_tag","embeddable":true,"href":"http:\/\/www.kulturtechno.de\/index.php?rest_route=%2Fwp%2Fv2%2Ftags&post=6895"}],"curies":[{"name":"wp","href":"https:\/\/api.w.org\/{rel}","templated":true}]}}